{"id":46569,"date":"2025-12-13T08:00:38","date_gmt":"2025-12-13T12:00:38","guid":{"rendered":"https:\/\/yopiensoenpositivo.com\/online\/?p=46569"},"modified":"2025-12-13T08:02:51","modified_gmt":"2025-12-13T12:02:51","slug":"tu-mapa-para-el-2026","status":"publish","type":"post","link":"https:\/\/yopiensoenpositivo.com\/online\/tu-mapa-para-el-2026\/","title":{"rendered":"Tu mapa para el 2026 Prepararte desde el alma y la acci\u00f3n"},"content":{"rendered":"<p><span style=\"font-weight: 400;\">El inicio de un nuevo a\u00f1o siempre trae una invitaci\u00f3n silenciosa: reorganizar tu vida, tu energ\u00eda y tu prop\u00f3sito. El 2026 se presenta como un a\u00f1o de expansi\u00f3n, claridad y transformaci\u00f3n personal. Para recibirlo con fuerza, no basta con hacer listas de metas; necesitas un mapa que una lo que sientes con lo que haces, lo que sue\u00f1as con lo que construyes. Ese mapa empieza dentro de ti.<\/span><\/p>\n<p><b>Escucha tu alma: la br\u00fajula m\u00e1s honesta<\/b><\/p>\n<p><span style=\"font-weight: 400;\">Antes de planificar, necesitas conectar contigo. Tu alma siempre sabe hacia d\u00f3nde quiere ir, pero muchas veces su voz queda escondida detr\u00e1s de las obligaciones, el miedo o la costumbre. T\u00f3mate unos minutos en silencio y preg\u00fantate: \u00bfqu\u00e9 deseo realmente para m\u00ed en el 2026?, \u00bfc\u00f3mo quiero sentirme?, \u00bfqu\u00e9 parte de m\u00ed quiere expresarse m\u00e1s?<\/span><\/p>\n<p><span style=\"font-weight: 400;\">Una meditaci\u00f3n breve puede abrirte puertas internas. Cierra los ojos, respira profundo y repite: <\/span><i><span style=\"font-weight: 400;\">\u201cEstoy lista\/o para escuchar mi verdad.\u201d<\/span><\/i><span style=\"font-weight: 400;\"> Deja que aparezca una palabra o sensaci\u00f3n. Esa ser\u00e1 tu primer gu\u00eda para el a\u00f1o que comienza.<\/span><\/p>\n<p><b>Suelta lo que no puede venir contigo<\/b><\/p>\n<p><span style=\"font-weight: 400;\">Para prepararte para un nuevo ciclo necesitas espacio. No puedes avanzar cargando culpas, creencias limitantes, h\u00e1bitos que te drenan o relaciones que ya no resuenan con tu crecimiento. Observa con honestidad qu\u00e9 te pesa, qu\u00e9 te detiene y qu\u00e9 no te permite ser tu versi\u00f3n m\u00e1s aut\u00e9ntica.<\/span><\/p>\n<p><span style=\"font-weight: 400;\">Haz un peque\u00f1o ritual de cierre: escribe lo que deseas soltar, agradece lo que cada experiencia te ense\u00f1\u00f3 y declara: <\/span><i><span style=\"font-weight: 400;\">\u201cElijo avanzar ligera\/o.\u201d<\/span><\/i><span style=\"font-weight: 400;\"> Este acto sencillo libera tu energ\u00eda y abre camino a lo nuevo.<\/span><\/p>\n<p><b>Dise\u00f1a tu visi\u00f3n del 2026<\/b><\/p>\n<p><span style=\"font-weight: 400;\">El alma necesita direcci\u00f3n y la mente necesita enfoque. Visualiza c\u00f3mo quieres vivir este nuevo a\u00f1o: tu bienestar emocional, tus proyectos, tu relaci\u00f3n contigo misma\/o, tu energ\u00eda diaria, la calidad de tus v\u00ednculos, tus logros y tus momentos de calma. No pienses en el \u201cc\u00f3mo\u201d, solo siente la vida que quieres crear.<\/span><\/p>\n<p><span style=\"font-weight: 400;\">Puedes conectar con tu \u201cyo del 2026\u201d mediante una visualizaci\u00f3n: imagina que hablas con esa versi\u00f3n futura. Preg\u00fantale: <\/span><i><span style=\"font-weight: 400;\">\u201c\u00bfQu\u00e9 hiciste este a\u00f1o que te trajo hasta aqu\u00ed?\u201d<\/span><\/i><span style=\"font-weight: 400;\"> La respuesta te dar\u00e1 claridad sobre los pasos que debes comenzar a dar.<\/span><\/p>\n<p><b>Construye tu mapa: del deseo a la acci\u00f3n<\/b><\/p>\n<p><span style=\"font-weight: 400;\">Tu mapa para el 2026 debe tener tres elementos clave:<\/span><\/p>\n<p><b>Intenci\u00f3n:<\/b><span style=\"font-weight: 400;\"> la emoci\u00f3n que guiar\u00e1 tu a\u00f1o (por ejemplo: calma, disciplina, expansi\u00f3n, amor propio).<\/span><span style=\"font-weight: 400;\"><br \/>\n<\/span><b>Metas del alma:<\/b><span style=\"font-weight: 400;\"> lo que deseas vivir de verdad (no objetivos vac\u00edos, sino experiencias significativas).<\/span><span style=\"font-weight: 400;\"><br \/>\n<\/span><b>Acciones concretas:<\/b><span style=\"font-weight: 400;\"> pasos peque\u00f1os y sostenibles que te acerquen a tu visi\u00f3n: meditar unos minutos al d\u00eda, mejorar tu alimentaci\u00f3n, moverte, leer, crear l\u00edmites, ordenar tu espacio, avanzar en un proyecto personal.<\/span><\/p>\n<p><span style=\"font-weight: 400;\">La magia est\u00e1 en unir lo interno con lo externo. La intenci\u00f3n sin acci\u00f3n se desvanece. La acci\u00f3n sin alma se vuelve obligaci\u00f3n. Tu mapa equilibra las dos cosas.<\/span><\/p>\n<p><b>Mu\u00e9vete como tu mejor versi\u00f3n<\/b><\/p>\n<p><span style=\"font-weight: 400;\">El 2026 te pedir\u00e1 coherencia. No tienes que esperar al 1 de enero para comenzar. Preg\u00fantate cada ma\u00f1ana:<\/span><span style=\"font-weight: 400;\"><br \/>\n<\/span><b>\u201c\u00bfQu\u00e9 har\u00eda hoy la versi\u00f3n de m\u00ed que ya vive el 2026 que deseo?\u201d<\/b><\/p>\n<p><span style=\"font-weight: 400;\">Esa pregunta transforma tu energ\u00eda de inmediato y te pone en movimiento. Acomp\u00e1\u00f1ala con un mantra simple:<\/span><span style=\"font-weight: 400;\"><br \/>\n<\/span><i><span style=\"font-weight: 400;\">\u201cCamino alineada\/o. Camino con verdad. Camino hacia mi mejor versi\u00f3n.\u201d<\/span><\/i><\/p>\n<p><b>Conf\u00eda en tu proceso<\/b><\/p>\n<p><span style=\"font-weight: 400;\">Tu mapa no es un contrato r\u00edgido, es una gu\u00eda de crecimiento. No exige perfecci\u00f3n, exige presencia. Habr\u00e1 d\u00edas de claridad y d\u00edas de pausa, d\u00edas de avance y d\u00edas de aprendizaje. Est\u00e1 bien. Lo importante es recordar qui\u00e9n eres, qu\u00e9 deseas y hacia d\u00f3nde vas.<\/span><\/p>\n<p><span style=\"font-weight: 400;\">Prepararte para el 2026 desde el alma y la acci\u00f3n es un acto profundo de amor propio. Es creer que mereces una vida m\u00e1s grande, m\u00e1s plena, m\u00e1s alineada con tu luz interna. No necesitas tenerlo todo resuelto; solo necesitas dar el primer paso con intenci\u00f3n.<\/span><\/p>\n<p><span style=\"font-weight: 400;\">El 2026 est\u00e1 listo para recibirte.<\/span><span style=\"font-weight: 400;\"><br \/>\n<\/span><span style=\"font-weight: 400;\">Y t\u00fa est\u00e1s lista\/o para convertirlo en un a\u00f1o extraordinario.<\/span><\/p>\n<p><b><a href=\"https:\/\/www.instagram.com\/piensoenpositivo\/\"><img fetchpriority=\"high\" decoding=\"async\" class=\"wp-image-46252 alignleft\" src=\"https:\/\/yopiensoenpositivo.com\/online\/wp-content\/uploads\/2025\/02\/maryale.jpg\" alt=\"\" width=\"274\" height=\"274\" srcset=\"https:\/\/yopiensoenpositivo.com\/online\/wp-content\/uploads\/2025\/02\/maryale.jpg 200w, https:\/\/yopiensoenpositivo.com\/online\/wp-content\/uploads\/2025\/02\/maryale-150x150.jpg 150w, https:\/\/yopiensoenpositivo.com\/online\/wp-content\/uploads\/2025\/02\/maryale-80x80.jpg 80w, https:\/\/yopiensoenpositivo.com\/online\/wp-content\/uploads\/2025\/02\/maryale-100x100.jpg 100w\" sizes=\"(max-width: 274px) 100vw, 274px\" \/><\/a>MaryAle <a href=\"https:\/\/www.instagram.com\/piensoenpositivo\/\">@piensoenpositivo<\/a><\/b><\/p>\n","protected":false},"excerpt":{"rendered":"<p>El inicio de un nuevo a\u00f1o siempre trae una invitaci\u00f3n silenciosa: reorganizar tu vida, tu energ\u00eda y tu prop\u00f3sito. El 2026 se presenta como un a\u00f1o de expansi\u00f3n, claridad y transformaci\u00f3n personal. Para recibirlo con fuerza, no basta con hacer listas de metas; necesitas un mapa que una lo que sientes con lo que haces, [&hellip;]<\/p>\n","protected":false},"author":9,"featured_media":46570,"comment_status":"open","ping_status":"open","sticky":false,"template":"","format":"standard","meta":{"footnotes":""},"categories":[99],"tags":[],"class_list":["post-46569","post","type-post","status-publish","format-standard","has-post-thumbnail","hentry","category-mensajespositivos"],"yoast_head":"<!-- This site is optimized with the Yoast SEO plugin v27.5 - https:\/\/yoast.com\/product\/yoast-seo-wordpress\/ -->\n<title>Tu mapa para el 2026 Prepararte desde el alma y la acci\u00f3n - Pienso En Positivo<\/title>\n<meta name=\"description\" content=\"El inicio de un nuevo a\u00f1o siempre trae una invitaci\u00f3n silenciosa: reorganizar tu vida, tu energ\u00eda y tu prop\u00f3sito. El 2026 se presenta como...\" \/>\n<meta name=\"robots\" content=\"index, follow, max-snippet:-1, max-image-preview:large, max-video-preview:-1\" \/>\n<link rel=\"canonical\" href=\"https:\/\/yopiensoenpositivo.com\/online\/tu-mapa-para-el-2026\/\" \/>\n<meta property=\"og:locale\" content=\"es_ES\" \/>\n<meta property=\"og:type\" content=\"article\" \/>\n<meta property=\"og:title\" content=\"Tu mapa para el 2026 Prepararte desde el alma y la acci\u00f3n - Pienso En Positivo\" \/>\n<meta property=\"og:description\" content=\"El inicio de un nuevo a\u00f1o siempre trae una invitaci\u00f3n silenciosa: reorganizar tu vida, tu energ\u00eda y tu prop\u00f3sito. El 2026 se presenta como...\" \/>\n<meta property=\"og:url\" content=\"https:\/\/yopiensoenpositivo.com\/online\/tu-mapa-para-el-2026\/\" \/>\n<meta property=\"og:site_name\" content=\"Pienso En Positivo\" \/>\n<meta property=\"article:published_time\" content=\"2025-12-13T12:00:38+00:00\" \/>\n<meta property=\"article:modified_time\" content=\"2025-12-13T12:02:51+00:00\" \/>\n<meta property=\"og:image\" content=\"https:\/\/yopiensoenpositivo.com\/online\/wp-content\/uploads\/2025\/12\/BLOG-36.jpg\" \/>\n\t<meta property=\"og:image:width\" content=\"1200\" \/>\n\t<meta property=\"og:image:height\" content=\"600\" \/>\n\t<meta property=\"og:image:type\" content=\"image\/jpeg\" \/>\n<meta name=\"author\" content=\"Pienso en Positivo\" \/>\n<meta name=\"twitter:card\" content=\"summary_large_image\" \/>\n<meta name=\"twitter:label1\" content=\"Escrito por\" \/>\n\t<meta name=\"twitter:data1\" content=\"Pienso en Positivo\" \/>\n\t<meta name=\"twitter:label2\" content=\"Tiempo de lectura\" \/>\n\t<meta name=\"twitter:data2\" content=\"4 minutos\" \/>\n<script type=\"application\/ld+json\" class=\"yoast-schema-graph\">{\"@context\":\"https:\\\/\\\/schema.org\",\"@graph\":[{\"@type\":\"Article\",\"@id\":\"https:\\\/\\\/yopiensoenpositivo.com\\\/online\\\/tu-mapa-para-el-2026\\\/#article\",\"isPartOf\":{\"@id\":\"https:\\\/\\\/yopiensoenpositivo.com\\\/online\\\/tu-mapa-para-el-2026\\\/\"},\"author\":{\"name\":\"Pienso en Positivo\",\"@id\":\"https:\\\/\\\/yopiensoenpositivo.com\\\/online\\\/#\\\/schema\\\/person\\\/423523ac4775f7fe6ff22b3510414827\"},\"headline\":\"Tu mapa para el 2026 Prepararte desde el alma y la acci\u00f3n\",\"datePublished\":\"2025-12-13T12:00:38+00:00\",\"dateModified\":\"2025-12-13T12:02:51+00:00\",\"mainEntityOfPage\":{\"@id\":\"https:\\\/\\\/yopiensoenpositivo.com\\\/online\\\/tu-mapa-para-el-2026\\\/\"},\"wordCount\":726,\"commentCount\":0,\"image\":{\"@id\":\"https:\\\/\\\/yopiensoenpositivo.com\\\/online\\\/tu-mapa-para-el-2026\\\/#primaryimage\"},\"thumbnailUrl\":\"https:\\\/\\\/yopiensoenpositivo.com\\\/online\\\/wp-content\\\/uploads\\\/2025\\\/12\\\/BLOG-36.jpg\",\"articleSection\":[\"Mensajes positivos\"],\"inLanguage\":\"es\",\"potentialAction\":[{\"@type\":\"CommentAction\",\"name\":\"Comment\",\"target\":[\"https:\\\/\\\/yopiensoenpositivo.com\\\/online\\\/tu-mapa-para-el-2026\\\/#respond\"]}]},{\"@type\":\"WebPage\",\"@id\":\"https:\\\/\\\/yopiensoenpositivo.com\\\/online\\\/tu-mapa-para-el-2026\\\/\",\"url\":\"https:\\\/\\\/yopiensoenpositivo.com\\\/online\\\/tu-mapa-para-el-2026\\\/\",\"name\":\"Tu mapa para el 2026 Prepararte desde el alma y la acci\u00f3n - Pienso En Positivo\",\"isPartOf\":{\"@id\":\"https:\\\/\\\/yopiensoenpositivo.com\\\/online\\\/#website\"},\"primaryImageOfPage\":{\"@id\":\"https:\\\/\\\/yopiensoenpositivo.com\\\/online\\\/tu-mapa-para-el-2026\\\/#primaryimage\"},\"image\":{\"@id\":\"https:\\\/\\\/yopiensoenpositivo.com\\\/online\\\/tu-mapa-para-el-2026\\\/#primaryimage\"},\"thumbnailUrl\":\"https:\\\/\\\/yopiensoenpositivo.com\\\/online\\\/wp-content\\\/uploads\\\/2025\\\/12\\\/BLOG-36.jpg\",\"datePublished\":\"2025-12-13T12:00:38+00:00\",\"dateModified\":\"2025-12-13T12:02:51+00:00\",\"author\":{\"@id\":\"https:\\\/\\\/yopiensoenpositivo.com\\\/online\\\/#\\\/schema\\\/person\\\/423523ac4775f7fe6ff22b3510414827\"},\"description\":\"El inicio de un nuevo a\u00f1o siempre trae una invitaci\u00f3n silenciosa: reorganizar tu vida, tu energ\u00eda y tu prop\u00f3sito. El 2026 se presenta como...\",\"breadcrumb\":{\"@id\":\"https:\\\/\\\/yopiensoenpositivo.com\\\/online\\\/tu-mapa-para-el-2026\\\/#breadcrumb\"},\"inLanguage\":\"es\",\"potentialAction\":[{\"@type\":\"ReadAction\",\"target\":[\"https:\\\/\\\/yopiensoenpositivo.com\\\/online\\\/tu-mapa-para-el-2026\\\/\"]}]},{\"@type\":\"ImageObject\",\"inLanguage\":\"es\",\"@id\":\"https:\\\/\\\/yopiensoenpositivo.com\\\/online\\\/tu-mapa-para-el-2026\\\/#primaryimage\",\"url\":\"https:\\\/\\\/yopiensoenpositivo.com\\\/online\\\/wp-content\\\/uploads\\\/2025\\\/12\\\/BLOG-36.jpg\",\"contentUrl\":\"https:\\\/\\\/yopiensoenpositivo.com\\\/online\\\/wp-content\\\/uploads\\\/2025\\\/12\\\/BLOG-36.jpg\",\"width\":1200,\"height\":600},{\"@type\":\"BreadcrumbList\",\"@id\":\"https:\\\/\\\/yopiensoenpositivo.com\\\/online\\\/tu-mapa-para-el-2026\\\/#breadcrumb\",\"itemListElement\":[{\"@type\":\"ListItem\",\"position\":1,\"name\":\"Portada\",\"item\":\"https:\\\/\\\/yopiensoenpositivo.com\\\/online\\\/\"},{\"@type\":\"ListItem\",\"position\":2,\"name\":\"Tu mapa para el 2026 Prepararte desde el alma y la acci\u00f3n\"}]},{\"@type\":\"WebSite\",\"@id\":\"https:\\\/\\\/yopiensoenpositivo.com\\\/online\\\/#website\",\"url\":\"https:\\\/\\\/yopiensoenpositivo.com\\\/online\\\/\",\"name\":\"Pienso En Positivo\",\"description\":\"Te ayudamos a vivir y pensar en positivo\",\"potentialAction\":[{\"@type\":\"SearchAction\",\"target\":{\"@type\":\"EntryPoint\",\"urlTemplate\":\"https:\\\/\\\/yopiensoenpositivo.com\\\/online\\\/?s={search_term_string}\"},\"query-input\":{\"@type\":\"PropertyValueSpecification\",\"valueRequired\":true,\"valueName\":\"search_term_string\"}}],\"inLanguage\":\"es\"},{\"@type\":\"Person\",\"@id\":\"https:\\\/\\\/yopiensoenpositivo.com\\\/online\\\/#\\\/schema\\\/person\\\/423523ac4775f7fe6ff22b3510414827\",\"name\":\"Pienso en Positivo\",\"image\":{\"@type\":\"ImageObject\",\"inLanguage\":\"es\",\"@id\":\"https:\\\/\\\/secure.gravatar.com\\\/avatar\\\/57d49669a185743152f06c8bde422b27721ec91a14f6b336cf65e7bce5705d7f?s=96&d=mm&r=g\",\"url\":\"https:\\\/\\\/secure.gravatar.com\\\/avatar\\\/57d49669a185743152f06c8bde422b27721ec91a14f6b336cf65e7bce5705d7f?s=96&d=mm&r=g\",\"contentUrl\":\"https:\\\/\\\/secure.gravatar.com\\\/avatar\\\/57d49669a185743152f06c8bde422b27721ec91a14f6b336cf65e7bce5705d7f?s=96&d=mm&r=g\",\"caption\":\"Pienso en Positivo\"},\"url\":\"https:\\\/\\\/yopiensoenpositivo.com\\\/online\\\/author\\\/pienso\\\/\"}]}<\/script>\n<!-- \/ Yoast SEO plugin. -->","yoast_head_json":{"title":"Tu mapa para el 2026 Prepararte desde el alma y la acci\u00f3n - Pienso En Positivo","description":"El inicio de un nuevo a\u00f1o siempre trae una invitaci\u00f3n silenciosa: reorganizar tu vida, tu energ\u00eda y tu prop\u00f3sito. El 2026 se presenta como...","robots":{"index":"index","follow":"follow","max-snippet":"max-snippet:-1","max-image-preview":"max-image-preview:large","max-video-preview":"max-video-preview:-1"},"canonical":"https:\/\/yopiensoenpositivo.com\/online\/tu-mapa-para-el-2026\/","og_locale":"es_ES","og_type":"article","og_title":"Tu mapa para el 2026 Prepararte desde el alma y la acci\u00f3n - Pienso En Positivo","og_description":"El inicio de un nuevo a\u00f1o siempre trae una invitaci\u00f3n silenciosa: reorganizar tu vida, tu energ\u00eda y tu prop\u00f3sito. El 2026 se presenta como...","og_url":"https:\/\/yopiensoenpositivo.com\/online\/tu-mapa-para-el-2026\/","og_site_name":"Pienso En Positivo","article_published_time":"2025-12-13T12:00:38+00:00","article_modified_time":"2025-12-13T12:02:51+00:00","og_image":[{"width":1200,"height":600,"url":"https:\/\/yopiensoenpositivo.com\/online\/wp-content\/uploads\/2025\/12\/BLOG-36.jpg","type":"image\/jpeg"}],"author":"Pienso en Positivo","twitter_card":"summary_large_image","twitter_misc":{"Escrito por":"Pienso en Positivo","Tiempo de lectura":"4 minutos"},"schema":{"@context":"https:\/\/schema.org","@graph":[{"@type":"Article","@id":"https:\/\/yopiensoenpositivo.com\/online\/tu-mapa-para-el-2026\/#article","isPartOf":{"@id":"https:\/\/yopiensoenpositivo.com\/online\/tu-mapa-para-el-2026\/"},"author":{"name":"Pienso en Positivo","@id":"https:\/\/yopiensoenpositivo.com\/online\/#\/schema\/person\/423523ac4775f7fe6ff22b3510414827"},"headline":"Tu mapa para el 2026 Prepararte desde el alma y la acci\u00f3n","datePublished":"2025-12-13T12:00:38+00:00","dateModified":"2025-12-13T12:02:51+00:00","mainEntityOfPage":{"@id":"https:\/\/yopiensoenpositivo.com\/online\/tu-mapa-para-el-2026\/"},"wordCount":726,"commentCount":0,"image":{"@id":"https:\/\/yopiensoenpositivo.com\/online\/tu-mapa-para-el-2026\/#primaryimage"},"thumbnailUrl":"https:\/\/yopiensoenpositivo.com\/online\/wp-content\/uploads\/2025\/12\/BLOG-36.jpg","articleSection":["Mensajes positivos"],"inLanguage":"es","potentialAction":[{"@type":"CommentAction","name":"Comment","target":["https:\/\/yopiensoenpositivo.com\/online\/tu-mapa-para-el-2026\/#respond"]}]},{"@type":"WebPage","@id":"https:\/\/yopiensoenpositivo.com\/online\/tu-mapa-para-el-2026\/","url":"https:\/\/yopiensoenpositivo.com\/online\/tu-mapa-para-el-2026\/","name":"Tu mapa para el 2026 Prepararte desde el alma y la acci\u00f3n - Pienso En Positivo","isPartOf":{"@id":"https:\/\/yopiensoenpositivo.com\/online\/#website"},"primaryImageOfPage":{"@id":"https:\/\/yopiensoenpositivo.com\/online\/tu-mapa-para-el-2026\/#primaryimage"},"image":{"@id":"https:\/\/yopiensoenpositivo.com\/online\/tu-mapa-para-el-2026\/#primaryimage"},"thumbnailUrl":"https:\/\/yopiensoenpositivo.com\/online\/wp-content\/uploads\/2025\/12\/BLOG-36.jpg","datePublished":"2025-12-13T12:00:38+00:00","dateModified":"2025-12-13T12:02:51+00:00","author":{"@id":"https:\/\/yopiensoenpositivo.com\/online\/#\/schema\/person\/423523ac4775f7fe6ff22b3510414827"},"description":"El inicio de un nuevo a\u00f1o siempre trae una invitaci\u00f3n silenciosa: reorganizar tu vida, tu energ\u00eda y tu prop\u00f3sito. El 2026 se presenta como...","breadcrumb":{"@id":"https:\/\/yopiensoenpositivo.com\/online\/tu-mapa-para-el-2026\/#breadcrumb"},"inLanguage":"es","potentialAction":[{"@type":"ReadAction","target":["https:\/\/yopiensoenpositivo.com\/online\/tu-mapa-para-el-2026\/"]}]},{"@type":"ImageObject","inLanguage":"es","@id":"https:\/\/yopiensoenpositivo.com\/online\/tu-mapa-para-el-2026\/#primaryimage","url":"https:\/\/yopiensoenpositivo.com\/online\/wp-content\/uploads\/2025\/12\/BLOG-36.jpg","contentUrl":"https:\/\/yopiensoenpositivo.com\/online\/wp-content\/uploads\/2025\/12\/BLOG-36.jpg","width":1200,"height":600},{"@type":"BreadcrumbList","@id":"https:\/\/yopiensoenpositivo.com\/online\/tu-mapa-para-el-2026\/#breadcrumb","itemListElement":[{"@type":"ListItem","position":1,"name":"Portada","item":"https:\/\/yopiensoenpositivo.com\/online\/"},{"@type":"ListItem","position":2,"name":"Tu mapa para el 2026 Prepararte desde el alma y la acci\u00f3n"}]},{"@type":"WebSite","@id":"https:\/\/yopiensoenpositivo.com\/online\/#website","url":"https:\/\/yopiensoenpositivo.com\/online\/","name":"Pienso En Positivo","description":"Te ayudamos a vivir y pensar en positivo","potentialAction":[{"@type":"SearchAction","target":{"@type":"EntryPoint","urlTemplate":"https:\/\/yopiensoenpositivo.com\/online\/?s={search_term_string}"},"query-input":{"@type":"PropertyValueSpecification","valueRequired":true,"valueName":"search_term_string"}}],"inLanguage":"es"},{"@type":"Person","@id":"https:\/\/yopiensoenpositivo.com\/online\/#\/schema\/person\/423523ac4775f7fe6ff22b3510414827","name":"Pienso en Positivo","image":{"@type":"ImageObject","inLanguage":"es","@id":"https:\/\/secure.gravatar.com\/avatar\/57d49669a185743152f06c8bde422b27721ec91a14f6b336cf65e7bce5705d7f?s=96&d=mm&r=g","url":"https:\/\/secure.gravatar.com\/avatar\/57d49669a185743152f06c8bde422b27721ec91a14f6b336cf65e7bce5705d7f?s=96&d=mm&r=g","contentUrl":"https:\/\/secure.gravatar.com\/avatar\/57d49669a185743152f06c8bde422b27721ec91a14f6b336cf65e7bce5705d7f?s=96&d=mm&r=g","caption":"Pienso en Positivo"},"url":"https:\/\/yopiensoenpositivo.com\/online\/author\/pienso\/"}]}},"post_mailing_queue_ids":[],"_links":{"self":[{"href":"https:\/\/yopiensoenpositivo.com\/online\/wp-json\/wp\/v2\/posts\/46569","targetHints":{"allow":["GET"]}}],"collection":[{"href":"https:\/\/yopiensoenpositivo.com\/online\/wp-json\/wp\/v2\/posts"}],"about":[{"href":"https:\/\/yopiensoenpositivo.com\/online\/wp-json\/wp\/v2\/types\/post"}],"author":[{"embeddable":true,"href":"https:\/\/yopiensoenpositivo.com\/online\/wp-json\/wp\/v2\/users\/9"}],"replies":[{"embeddable":true,"href":"https:\/\/yopiensoenpositivo.com\/online\/wp-json\/wp\/v2\/comments?post=46569"}],"version-history":[{"count":1,"href":"https:\/\/yopiensoenpositivo.com\/online\/wp-json\/wp\/v2\/posts\/46569\/revisions"}],"predecessor-version":[{"id":46571,"href":"https:\/\/yopiensoenpositivo.com\/online\/wp-json\/wp\/v2\/posts\/46569\/revisions\/46571"}],"wp:featuredmedia":[{"embeddable":true,"href":"https:\/\/yopiensoenpositivo.com\/online\/wp-json\/wp\/v2\/media\/46570"}],"wp:attachment":[{"href":"https:\/\/yopiensoenpositivo.com\/online\/wp-json\/wp\/v2\/media?parent=46569"}],"wp:term":[{"taxonomy":"category","embeddable":true,"href":"https:\/\/yopiensoenpositivo.com\/online\/wp-json\/wp\/v2\/categories?post=46569"},{"taxonomy":"post_tag","embeddable":true,"href":"https:\/\/yopiensoenpositivo.com\/online\/wp-json\/wp\/v2\/tags?post=46569"}],"curies":[{"name":"wp","href":"https:\/\/api.w.org\/{rel}","templated":true}]}}