{"id":46549,"date":"2025-11-15T08:30:19","date_gmt":"2025-11-15T12:30:19","guid":{"rendered":"https:\/\/yopiensoenpositivo.com\/online\/?p=46549"},"modified":"2025-11-15T08:32:21","modified_gmt":"2025-11-15T12:32:21","slug":"redescubrir-tu-proposito","status":"publish","type":"post","link":"https:\/\/yopiensoenpositivo.com\/online\/redescubrir-tu-proposito\/","title":{"rendered":"Redescubrir tu prop\u00f3sito profesional: el primer paso para lograr ese cambio laboral que tanto deseas"},"content":{"rendered":"<p>\u00bfAlguna vez te has sentido desconectado de tu trabajo?<br \/>\n\u00bfComo si tu carrera hubiera dejado de tener sentido, pero no supieras por d\u00f3nde empezar a cambiar?<\/p>\n<p>No est\u00e1s solo\/a. Cada semana acompa\u00f1o a profesionales que sienten exactamente lo mismo. Personas con experiencia, estudios, compromiso\u2026 pero que, a pesar de todo, <strong>no se sienten realizados profesionalmente<\/strong>.<\/p>\n<p>Lo que muchos no saben es que el primer paso no es buscar un nuevo empleo.<br \/>\nEl primer paso es mirar hacia adentro y preguntarte:<br \/>\n<strong>\u00bfQu\u00e9 sentido quiero que tenga mi carrera de aqu\u00ed en adelante?<\/strong><\/p>\n<p><strong>\u00a0\u00bfQu\u00e9 es la empleabilidad con prop\u00f3sito?<\/strong><\/p>\n<p>Cuando hablamos de <em>empleabilidad<\/em>, muchas personas piensan en un buen CV, entrevistas, networking o saber usar LinkedIn, esto solo es ingenier\u00eda de carrera.<br \/>\nY s\u00ed, todo eso importa. Pero en mi experiencia, la verdadera empleabilidad <strong>nace de adentro hacia afuera con autoconocimiento y reconocimiento profundo <\/strong>de toda tu trayectoria y<strong> conectando con tu prop\u00f3sito<\/strong>.<\/p>\n<p>Se trata de conectar tu trayectoria o trazabilidad profesional con tus talentos y\u00a0 prop\u00f3sito y ponerlos al servicio del mundo como motor de tu carrera.<\/p>\n<p>Esto es lo que yo llamo <em>empleabilidad con prop\u00f3sito<\/em>: un enfoque que no solo busca que consigas trabajo, sino que encuentres un camino profesional donde puedas sentirte \u00fatil, pleno\/a y alineado con lo que verdaderamente te importa.<\/p>\n<p><strong>\u00bfPor qu\u00e9 sentimos que nos perdimos en el camino?<\/strong><\/p>\n<p>Muchos profesionales llegan a los 30, 40 o incluso 50 a\u00f1os y sienten que su carrera &#8220;simplemente sucedi\u00f3&#8221;.<br \/>\nEstudiaron una carrera, agarraron la primera oportunidad que apareci\u00f3, se fueron quedando&#8230; hasta que un d\u00eda se dan cuenta de que <strong>ya no se reconocen en lo que hacen<\/strong>.<\/p>\n<p>A esto le sumamos:<\/p>\n<p>Cambios constantes en el mercado laboral<\/p>\n<p>Presi\u00f3n por generar ingresos y cumplir las demandas externas<\/p>\n<p>Correr todo el d\u00eda sin tiempo para parar y definir si est\u00e1s donde siempre quisiste o simplemente te perdiste en el camino.<\/p>\n<p>Y el famoso <strong>s\u00edndrome del impostor<\/strong>, que nos susurra que no estamos listos\/as para algo mejor<\/p>\n<p>Entonces, \u00bfc\u00f3mo salir de ese bucle?<\/p>\n<p><strong>\u00a03 claves para iniciar tu transformaci\u00f3n profesional<\/strong><\/p>\n<ol>\n<li><strong> Con\u00f3cete (de verdad)<\/strong><\/li>\n<\/ol>\n<p>Parece obvio, pero no lo es. El autoconocimiento es el primer pilar del \u00e9xito profesional y potencia directamente tu liderazgo.<\/p>\n<ol>\n<li>\u00bfSabes qu\u00e9 te apasiona? \u00bfQu\u00e9 tipo de tareas disfrutas? \u00bfCu\u00e1les son tus skills-habilidades y tus brechas formativas?<br \/>\nExplorar tu personalidad, estilo de pensamiento, tus motivaciones y tu estilo de trabajo te da claridad para tomar decisiones m\u00e1s alineadas a tus verdadera pasi\u00f3n, competencias y objetivos.<\/li>\n<\/ol>\n<ol start=\"2\">\n<li><strong> Define tu norte profesional<\/strong><\/li>\n<\/ol>\n<p>\u00bfHacia d\u00f3nde quieres ir? \u00bfQu\u00e9 rol quieres ocupar? \u00bfQu\u00e9 impacto quieres generar con tu trabajo?<br \/>\nDise\u00f1ar tu <em>visi\u00f3n profesional<\/em> es un ejercicio fundamental para dejar de moverte en autom\u00e1tico y empezar a crear oportunidades que te inspiren.<\/p>\n<p>Es importante saber lo que queremos, cu\u00e1l es nuestra situaci\u00f3n actual, los obst\u00e1culos que tendremos que superar y c\u00f3mo a pesar de todo podremos lograr nuestro objetivo.<\/p>\n<ol start=\"3\">\n<li><strong> Reconecta con tu prop\u00f3sito<\/strong><\/li>\n<\/ol>\n<p>Tu prop\u00f3sito no es una frase bonita para poner en LinkedIn.<br \/>\nEs una fuerza interna que te permite tomar decisiones con foco, perseverar ante los desaf\u00edos y <strong>volver a creer en ti<\/strong>.<\/p>\n<p>El secreto est\u00e1 en descubrir tu IKIGAI que son las intersecciones de lo que amas hacer, en lo que eres bueno, lo que el mundo necesita y por lo que te pueden pagar.<\/p>\n<p>Cuando lo redescubres, algo cambia: tu energ\u00eda, tu claridad, tu confianza.<\/p>\n<p><strong>\u00a0\u00bfY ahora qu\u00e9?<\/strong><\/p>\n<p>Soy <strong>Miluzka Risco<\/strong>, coach de carrera y mi prop\u00f3sito es ayudarte a reconectar con tu verdadero potencial profesional y acompa\u00f1arte a construir una carrera con liderazgo aut\u00e9ntico, claridad de tus capacidades, logros e hitos logrados para llevarlos a dise\u00f1ar un plan de carrera que te haga sentir pleno(a) y realizado pasando del luchar a impactar o trascender.<\/p>\n<p>A trav\u00e9s de mis programas de mentoring de carrera, acompa\u00f1o mediante sesiones en vivo y espacios de autoconocimiento y reflexi\u00f3n, guiando a cientos de profesionales en Latinoam\u00e9rica a tomar decisiones alineadas con su prop\u00f3sito, potenciar su empleabilidad y encontrar oportunidades que realmente los motiven.<\/p>\n<p>Si sientes que es momento de hacer un cambio, te invito a seguirme en mis redes de LinkedIn e Instagram, y unirte a mi comunidad en crecimiento de WhatsApp, donde comparto recursos gratuitos, reflexiones valiosas y acceso prioritario a experiencias como el <em>Bootcamp de Empleabilidad<\/em>, un espacio transformador para quienes quieren avanzar con foco y direcci\u00f3n.<\/p>\n<p><a href=\"https:\/\/chat.whatsapp.com\/FSGRnE1vsbO4pvjUWRO90u\">\u00a0Haz clic aqu\u00ed para unirte a la comunidad<\/a><\/p>\n<p><strong>El momento de tomar acci\u00f3n es hoy.<br \/>\n<\/strong>Te espero para acompa\u00f1arte en este camino.<\/p>\n<p><em><a href=\"https:\/\/www.instagram.com\/miluzkarisco\/\"><img fetchpriority=\"high\" decoding=\"async\" class=\"size-medium wp-image-46245 alignleft\" src=\"https:\/\/yopiensoenpositivo.com\/online\/wp-content\/uploads\/2025\/02\/miluzca-risco-300x300.jpg\" alt=\"\" width=\"300\" height=\"300\" srcset=\"https:\/\/yopiensoenpositivo.com\/online\/wp-content\/uploads\/2025\/02\/miluzca-risco-300x300.jpg 300w, https:\/\/yopiensoenpositivo.com\/online\/wp-content\/uploads\/2025\/02\/miluzca-risco-150x150.jpg 150w, https:\/\/yopiensoenpositivo.com\/online\/wp-content\/uploads\/2025\/02\/miluzca-risco-80x80.jpg 80w, https:\/\/yopiensoenpositivo.com\/online\/wp-content\/uploads\/2025\/02\/miluzca-risco-100x100.jpg 100w, https:\/\/yopiensoenpositivo.com\/online\/wp-content\/uploads\/2025\/02\/miluzca-risco.jpg 400w\" sizes=\"(max-width: 300px) 100vw, 300px\" \/><\/a>Con cari\u00f1o y prop\u00f3sito<br \/>\n<\/em><strong>Miluzka <a href=\"https:\/\/www.instagram.com\/miluzkarisco\/\">@miluzkarisco<\/a><\/strong><\/p>\n<p>&nbsp;<\/p>\n","protected":false},"excerpt":{"rendered":"<p>\u00bfAlguna vez te has sentido desconectado de tu trabajo? \u00bfComo si tu carrera hubiera dejado de tener sentido, pero no supieras por d\u00f3nde empezar a cambiar? No est\u00e1s solo\/a. Cada semana acompa\u00f1o a profesionales que sienten exactamente lo mismo. Personas con experiencia, estudios, compromiso\u2026 pero que, a pesar de todo, no se sienten realizados profesionalmente. [&hellip;]<\/p>\n","protected":false},"author":9,"featured_media":46550,"comment_status":"open","ping_status":"open","sticky":false,"template":"","format":"standard","meta":{"footnotes":""},"categories":[99],"tags":[],"class_list":["post-46549","post","type-post","status-publish","format-standard","has-post-thumbnail","hentry","category-mensajespositivos"],"yoast_head":"<!-- This site is optimized with the Yoast SEO plugin v27.5 - https:\/\/yoast.com\/product\/yoast-seo-wordpress\/ -->\n<title>Redescubrir tu prop\u00f3sito profesional: el primer paso para lograr ese cambio laboral que tanto deseas - Pienso En Positivo<\/title>\n<meta name=\"description\" content=\"\u00bfAlguna vez te has sentido desconectado de tu trabajo?\u00bfComo si tu carrera hubiera dejado de tener sentido, pero no supieras por d\u00f3nde empezar a cambiar?\" \/>\n<meta name=\"robots\" content=\"index, follow, max-snippet:-1, max-image-preview:large, max-video-preview:-1\" \/>\n<link rel=\"canonical\" href=\"https:\/\/yopiensoenpositivo.com\/online\/redescubrir-tu-proposito\/\" \/>\n<meta property=\"og:locale\" content=\"es_ES\" \/>\n<meta property=\"og:type\" content=\"article\" \/>\n<meta property=\"og:title\" content=\"Redescubrir tu prop\u00f3sito profesional: el primer paso para lograr ese cambio laboral que tanto deseas - Pienso En Positivo\" \/>\n<meta property=\"og:description\" content=\"\u00bfAlguna vez te has sentido desconectado de tu trabajo?\u00bfComo si tu carrera hubiera dejado de tener sentido, pero no supieras por d\u00f3nde empezar a cambiar?\" \/>\n<meta property=\"og:url\" content=\"https:\/\/yopiensoenpositivo.com\/online\/redescubrir-tu-proposito\/\" \/>\n<meta property=\"og:site_name\" content=\"Pienso En Positivo\" \/>\n<meta property=\"article:published_time\" content=\"2025-11-15T12:30:19+00:00\" \/>\n<meta property=\"article:modified_time\" content=\"2025-11-15T12:32:21+00:00\" \/>\n<meta property=\"og:image\" content=\"https:\/\/yopiensoenpositivo.com\/online\/wp-content\/uploads\/2025\/11\/BANNER-BLOG-MILUZKA.jpg\" \/>\n\t<meta property=\"og:image:width\" content=\"1200\" \/>\n\t<meta property=\"og:image:height\" content=\"600\" \/>\n\t<meta property=\"og:image:type\" content=\"image\/jpeg\" \/>\n<meta name=\"author\" content=\"Pienso en Positivo\" \/>\n<meta name=\"twitter:card\" content=\"summary_large_image\" \/>\n<meta name=\"twitter:label1\" content=\"Escrito por\" \/>\n\t<meta name=\"twitter:data1\" content=\"Pienso en Positivo\" \/>\n\t<meta name=\"twitter:label2\" content=\"Tiempo de lectura\" \/>\n\t<meta name=\"twitter:data2\" content=\"4 minutos\" \/>\n<script type=\"application\/ld+json\" class=\"yoast-schema-graph\">{\"@context\":\"https:\\\/\\\/schema.org\",\"@graph\":[{\"@type\":\"Article\",\"@id\":\"https:\\\/\\\/yopiensoenpositivo.com\\\/online\\\/redescubrir-tu-proposito\\\/#article\",\"isPartOf\":{\"@id\":\"https:\\\/\\\/yopiensoenpositivo.com\\\/online\\\/redescubrir-tu-proposito\\\/\"},\"author\":{\"name\":\"Pienso en Positivo\",\"@id\":\"https:\\\/\\\/yopiensoenpositivo.com\\\/online\\\/#\\\/schema\\\/person\\\/423523ac4775f7fe6ff22b3510414827\"},\"headline\":\"Redescubrir tu prop\u00f3sito profesional: el primer paso para lograr ese cambio laboral que tanto deseas\",\"datePublished\":\"2025-11-15T12:30:19+00:00\",\"dateModified\":\"2025-11-15T12:32:21+00:00\",\"mainEntityOfPage\":{\"@id\":\"https:\\\/\\\/yopiensoenpositivo.com\\\/online\\\/redescubrir-tu-proposito\\\/\"},\"wordCount\":806,\"commentCount\":0,\"image\":{\"@id\":\"https:\\\/\\\/yopiensoenpositivo.com\\\/online\\\/redescubrir-tu-proposito\\\/#primaryimage\"},\"thumbnailUrl\":\"https:\\\/\\\/yopiensoenpositivo.com\\\/online\\\/wp-content\\\/uploads\\\/2025\\\/11\\\/BANNER-BLOG-MILUZKA.jpg\",\"articleSection\":[\"Mensajes positivos\"],\"inLanguage\":\"es\",\"potentialAction\":[{\"@type\":\"CommentAction\",\"name\":\"Comment\",\"target\":[\"https:\\\/\\\/yopiensoenpositivo.com\\\/online\\\/redescubrir-tu-proposito\\\/#respond\"]}]},{\"@type\":\"WebPage\",\"@id\":\"https:\\\/\\\/yopiensoenpositivo.com\\\/online\\\/redescubrir-tu-proposito\\\/\",\"url\":\"https:\\\/\\\/yopiensoenpositivo.com\\\/online\\\/redescubrir-tu-proposito\\\/\",\"name\":\"Redescubrir tu prop\u00f3sito profesional: el primer paso para lograr ese cambio laboral que tanto deseas - Pienso En Positivo\",\"isPartOf\":{\"@id\":\"https:\\\/\\\/yopiensoenpositivo.com\\\/online\\\/#website\"},\"primaryImageOfPage\":{\"@id\":\"https:\\\/\\\/yopiensoenpositivo.com\\\/online\\\/redescubrir-tu-proposito\\\/#primaryimage\"},\"image\":{\"@id\":\"https:\\\/\\\/yopiensoenpositivo.com\\\/online\\\/redescubrir-tu-proposito\\\/#primaryimage\"},\"thumbnailUrl\":\"https:\\\/\\\/yopiensoenpositivo.com\\\/online\\\/wp-content\\\/uploads\\\/2025\\\/11\\\/BANNER-BLOG-MILUZKA.jpg\",\"datePublished\":\"2025-11-15T12:30:19+00:00\",\"dateModified\":\"2025-11-15T12:32:21+00:00\",\"author\":{\"@id\":\"https:\\\/\\\/yopiensoenpositivo.com\\\/online\\\/#\\\/schema\\\/person\\\/423523ac4775f7fe6ff22b3510414827\"},\"description\":\"\u00bfAlguna vez te has sentido desconectado de tu trabajo?\u00bfComo si tu carrera hubiera dejado de tener sentido, pero no supieras por d\u00f3nde empezar a cambiar?\",\"breadcrumb\":{\"@id\":\"https:\\\/\\\/yopiensoenpositivo.com\\\/online\\\/redescubrir-tu-proposito\\\/#breadcrumb\"},\"inLanguage\":\"es\",\"potentialAction\":[{\"@type\":\"ReadAction\",\"target\":[\"https:\\\/\\\/yopiensoenpositivo.com\\\/online\\\/redescubrir-tu-proposito\\\/\"]}]},{\"@type\":\"ImageObject\",\"inLanguage\":\"es\",\"@id\":\"https:\\\/\\\/yopiensoenpositivo.com\\\/online\\\/redescubrir-tu-proposito\\\/#primaryimage\",\"url\":\"https:\\\/\\\/yopiensoenpositivo.com\\\/online\\\/wp-content\\\/uploads\\\/2025\\\/11\\\/BANNER-BLOG-MILUZKA.jpg\",\"contentUrl\":\"https:\\\/\\\/yopiensoenpositivo.com\\\/online\\\/wp-content\\\/uploads\\\/2025\\\/11\\\/BANNER-BLOG-MILUZKA.jpg\",\"width\":1200,\"height\":600},{\"@type\":\"BreadcrumbList\",\"@id\":\"https:\\\/\\\/yopiensoenpositivo.com\\\/online\\\/redescubrir-tu-proposito\\\/#breadcrumb\",\"itemListElement\":[{\"@type\":\"ListItem\",\"position\":1,\"name\":\"Portada\",\"item\":\"https:\\\/\\\/yopiensoenpositivo.com\\\/online\\\/\"},{\"@type\":\"ListItem\",\"position\":2,\"name\":\"Redescubrir tu prop\u00f3sito profesional: el primer paso para lograr ese cambio laboral que tanto deseas\"}]},{\"@type\":\"WebSite\",\"@id\":\"https:\\\/\\\/yopiensoenpositivo.com\\\/online\\\/#website\",\"url\":\"https:\\\/\\\/yopiensoenpositivo.com\\\/online\\\/\",\"name\":\"Pienso En Positivo\",\"description\":\"Te ayudamos a vivir y pensar en positivo\",\"potentialAction\":[{\"@type\":\"SearchAction\",\"target\":{\"@type\":\"EntryPoint\",\"urlTemplate\":\"https:\\\/\\\/yopiensoenpositivo.com\\\/online\\\/?s={search_term_string}\"},\"query-input\":{\"@type\":\"PropertyValueSpecification\",\"valueRequired\":true,\"valueName\":\"search_term_string\"}}],\"inLanguage\":\"es\"},{\"@type\":\"Person\",\"@id\":\"https:\\\/\\\/yopiensoenpositivo.com\\\/online\\\/#\\\/schema\\\/person\\\/423523ac4775f7fe6ff22b3510414827\",\"name\":\"Pienso en Positivo\",\"image\":{\"@type\":\"ImageObject\",\"inLanguage\":\"es\",\"@id\":\"https:\\\/\\\/secure.gravatar.com\\\/avatar\\\/57d49669a185743152f06c8bde422b27721ec91a14f6b336cf65e7bce5705d7f?s=96&d=mm&r=g\",\"url\":\"https:\\\/\\\/secure.gravatar.com\\\/avatar\\\/57d49669a185743152f06c8bde422b27721ec91a14f6b336cf65e7bce5705d7f?s=96&d=mm&r=g\",\"contentUrl\":\"https:\\\/\\\/secure.gravatar.com\\\/avatar\\\/57d49669a185743152f06c8bde422b27721ec91a14f6b336cf65e7bce5705d7f?s=96&d=mm&r=g\",\"caption\":\"Pienso en Positivo\"},\"url\":\"https:\\\/\\\/yopiensoenpositivo.com\\\/online\\\/author\\\/pienso\\\/\"}]}<\/script>\n<!-- \/ Yoast SEO plugin. -->","yoast_head_json":{"title":"Redescubrir tu prop\u00f3sito profesional: el primer paso para lograr ese cambio laboral que tanto deseas - Pienso En Positivo","description":"\u00bfAlguna vez te has sentido desconectado de tu trabajo?\u00bfComo si tu carrera hubiera dejado de tener sentido, pero no supieras por d\u00f3nde empezar a cambiar?","robots":{"index":"index","follow":"follow","max-snippet":"max-snippet:-1","max-image-preview":"max-image-preview:large","max-video-preview":"max-video-preview:-1"},"canonical":"https:\/\/yopiensoenpositivo.com\/online\/redescubrir-tu-proposito\/","og_locale":"es_ES","og_type":"article","og_title":"Redescubrir tu prop\u00f3sito profesional: el primer paso para lograr ese cambio laboral que tanto deseas - Pienso En Positivo","og_description":"\u00bfAlguna vez te has sentido desconectado de tu trabajo?\u00bfComo si tu carrera hubiera dejado de tener sentido, pero no supieras por d\u00f3nde empezar a cambiar?","og_url":"https:\/\/yopiensoenpositivo.com\/online\/redescubrir-tu-proposito\/","og_site_name":"Pienso En Positivo","article_published_time":"2025-11-15T12:30:19+00:00","article_modified_time":"2025-11-15T12:32:21+00:00","og_image":[{"width":1200,"height":600,"url":"https:\/\/yopiensoenpositivo.com\/online\/wp-content\/uploads\/2025\/11\/BANNER-BLOG-MILUZKA.jpg","type":"image\/jpeg"}],"author":"Pienso en Positivo","twitter_card":"summary_large_image","twitter_misc":{"Escrito por":"Pienso en Positivo","Tiempo de lectura":"4 minutos"},"schema":{"@context":"https:\/\/schema.org","@graph":[{"@type":"Article","@id":"https:\/\/yopiensoenpositivo.com\/online\/redescubrir-tu-proposito\/#article","isPartOf":{"@id":"https:\/\/yopiensoenpositivo.com\/online\/redescubrir-tu-proposito\/"},"author":{"name":"Pienso en Positivo","@id":"https:\/\/yopiensoenpositivo.com\/online\/#\/schema\/person\/423523ac4775f7fe6ff22b3510414827"},"headline":"Redescubrir tu prop\u00f3sito profesional: el primer paso para lograr ese cambio laboral que tanto deseas","datePublished":"2025-11-15T12:30:19+00:00","dateModified":"2025-11-15T12:32:21+00:00","mainEntityOfPage":{"@id":"https:\/\/yopiensoenpositivo.com\/online\/redescubrir-tu-proposito\/"},"wordCount":806,"commentCount":0,"image":{"@id":"https:\/\/yopiensoenpositivo.com\/online\/redescubrir-tu-proposito\/#primaryimage"},"thumbnailUrl":"https:\/\/yopiensoenpositivo.com\/online\/wp-content\/uploads\/2025\/11\/BANNER-BLOG-MILUZKA.jpg","articleSection":["Mensajes positivos"],"inLanguage":"es","potentialAction":[{"@type":"CommentAction","name":"Comment","target":["https:\/\/yopiensoenpositivo.com\/online\/redescubrir-tu-proposito\/#respond"]}]},{"@type":"WebPage","@id":"https:\/\/yopiensoenpositivo.com\/online\/redescubrir-tu-proposito\/","url":"https:\/\/yopiensoenpositivo.com\/online\/redescubrir-tu-proposito\/","name":"Redescubrir tu prop\u00f3sito profesional: el primer paso para lograr ese cambio laboral que tanto deseas - Pienso En Positivo","isPartOf":{"@id":"https:\/\/yopiensoenpositivo.com\/online\/#website"},"primaryImageOfPage":{"@id":"https:\/\/yopiensoenpositivo.com\/online\/redescubrir-tu-proposito\/#primaryimage"},"image":{"@id":"https:\/\/yopiensoenpositivo.com\/online\/redescubrir-tu-proposito\/#primaryimage"},"thumbnailUrl":"https:\/\/yopiensoenpositivo.com\/online\/wp-content\/uploads\/2025\/11\/BANNER-BLOG-MILUZKA.jpg","datePublished":"2025-11-15T12:30:19+00:00","dateModified":"2025-11-15T12:32:21+00:00","author":{"@id":"https:\/\/yopiensoenpositivo.com\/online\/#\/schema\/person\/423523ac4775f7fe6ff22b3510414827"},"description":"\u00bfAlguna vez te has sentido desconectado de tu trabajo?\u00bfComo si tu carrera hubiera dejado de tener sentido, pero no supieras por d\u00f3nde empezar a cambiar?","breadcrumb":{"@id":"https:\/\/yopiensoenpositivo.com\/online\/redescubrir-tu-proposito\/#breadcrumb"},"inLanguage":"es","potentialAction":[{"@type":"ReadAction","target":["https:\/\/yopiensoenpositivo.com\/online\/redescubrir-tu-proposito\/"]}]},{"@type":"ImageObject","inLanguage":"es","@id":"https:\/\/yopiensoenpositivo.com\/online\/redescubrir-tu-proposito\/#primaryimage","url":"https:\/\/yopiensoenpositivo.com\/online\/wp-content\/uploads\/2025\/11\/BANNER-BLOG-MILUZKA.jpg","contentUrl":"https:\/\/yopiensoenpositivo.com\/online\/wp-content\/uploads\/2025\/11\/BANNER-BLOG-MILUZKA.jpg","width":1200,"height":600},{"@type":"BreadcrumbList","@id":"https:\/\/yopiensoenpositivo.com\/online\/redescubrir-tu-proposito\/#breadcrumb","itemListElement":[{"@type":"ListItem","position":1,"name":"Portada","item":"https:\/\/yopiensoenpositivo.com\/online\/"},{"@type":"ListItem","position":2,"name":"Redescubrir tu prop\u00f3sito profesional: el primer paso para lograr ese cambio laboral que tanto deseas"}]},{"@type":"WebSite","@id":"https:\/\/yopiensoenpositivo.com\/online\/#website","url":"https:\/\/yopiensoenpositivo.com\/online\/","name":"Pienso En Positivo","description":"Te ayudamos a vivir y pensar en positivo","potentialAction":[{"@type":"SearchAction","target":{"@type":"EntryPoint","urlTemplate":"https:\/\/yopiensoenpositivo.com\/online\/?s={search_term_string}"},"query-input":{"@type":"PropertyValueSpecification","valueRequired":true,"valueName":"search_term_string"}}],"inLanguage":"es"},{"@type":"Person","@id":"https:\/\/yopiensoenpositivo.com\/online\/#\/schema\/person\/423523ac4775f7fe6ff22b3510414827","name":"Pienso en Positivo","image":{"@type":"ImageObject","inLanguage":"es","@id":"https:\/\/secure.gravatar.com\/avatar\/57d49669a185743152f06c8bde422b27721ec91a14f6b336cf65e7bce5705d7f?s=96&d=mm&r=g","url":"https:\/\/secure.gravatar.com\/avatar\/57d49669a185743152f06c8bde422b27721ec91a14f6b336cf65e7bce5705d7f?s=96&d=mm&r=g","contentUrl":"https:\/\/secure.gravatar.com\/avatar\/57d49669a185743152f06c8bde422b27721ec91a14f6b336cf65e7bce5705d7f?s=96&d=mm&r=g","caption":"Pienso en Positivo"},"url":"https:\/\/yopiensoenpositivo.com\/online\/author\/pienso\/"}]}},"post_mailing_queue_ids":[],"_links":{"self":[{"href":"https:\/\/yopiensoenpositivo.com\/online\/wp-json\/wp\/v2\/posts\/46549","targetHints":{"allow":["GET"]}}],"collection":[{"href":"https:\/\/yopiensoenpositivo.com\/online\/wp-json\/wp\/v2\/posts"}],"about":[{"href":"https:\/\/yopiensoenpositivo.com\/online\/wp-json\/wp\/v2\/types\/post"}],"author":[{"embeddable":true,"href":"https:\/\/yopiensoenpositivo.com\/online\/wp-json\/wp\/v2\/users\/9"}],"replies":[{"embeddable":true,"href":"https:\/\/yopiensoenpositivo.com\/online\/wp-json\/wp\/v2\/comments?post=46549"}],"version-history":[{"count":2,"href":"https:\/\/yopiensoenpositivo.com\/online\/wp-json\/wp\/v2\/posts\/46549\/revisions"}],"predecessor-version":[{"id":46552,"href":"https:\/\/yopiensoenpositivo.com\/online\/wp-json\/wp\/v2\/posts\/46549\/revisions\/46552"}],"wp:featuredmedia":[{"embeddable":true,"href":"https:\/\/yopiensoenpositivo.com\/online\/wp-json\/wp\/v2\/media\/46550"}],"wp:attachment":[{"href":"https:\/\/yopiensoenpositivo.com\/online\/wp-json\/wp\/v2\/media?parent=46549"}],"wp:term":[{"taxonomy":"category","embeddable":true,"href":"https:\/\/yopiensoenpositivo.com\/online\/wp-json\/wp\/v2\/categories?post=46549"},{"taxonomy":"post_tag","embeddable":true,"href":"https:\/\/yopiensoenpositivo.com\/online\/wp-json\/wp\/v2\/tags?post=46549"}],"curies":[{"name":"wp","href":"https:\/\/api.w.org\/{rel}","templated":true}]}}