{"id":44912,"date":"2023-12-30T00:01:53","date_gmt":"2023-12-30T04:01:53","guid":{"rendered":"https:\/\/yopiensoenpositivo.com\/online\/?p=44912"},"modified":"2023-12-30T01:08:08","modified_gmt":"2023-12-30T05:08:08","slug":"ano-nuevo-pensamientos-nuevos-el-poder-transformador-del-cambio","status":"publish","type":"post","link":"https:\/\/yopiensoenpositivo.com\/online\/ano-nuevo-pensamientos-nuevos-el-poder-transformador-del-cambio\/","title":{"rendered":"A\u00f1o Nuevo, Pensamientos Nuevos: El Poder Transformador del Cambio"},"content":{"rendered":"<p>Cada cambio de a\u00f1o nos brinda la oportunidad de reflexionar sobre lo que hemos vivido, aprender de nuestras experiencias y mirar hacia adelante con una visi\u00f3n renovada. Es el momento perfecto para abrazar el lema &#8220;A\u00f1o Nuevo, Pensamientos Nuevos&#8221;, un recordatorio poderoso de que nuestras mentes tienen el poder de dar forma a nuestra realidad.<\/p>\n<p>El concepto de &#8220;A\u00f1o Nuevo, Pensamientos Nuevos&#8221; no solo se trata de festejar una fecha en el calendario, sino de una invitaci\u00f3n a renovar nuestra mentalidad. Es el momento propicio para dejar atr\u00e1s patrones de pensamiento que nos limitan y abrirnos a nuevas posibilidades.<\/p>\n<p><strong>Renovaci\u00f3n Mental<\/strong><\/p>\n<p>Este cambio de a\u00f1o nos invita a reconsiderar nuestras metas, valores y aspiraciones. Es un recordatorio para evaluar si estamos alineados con lo que realmente queremos lograr en nuestras vidas. \u00bfEstamos cultivando h\u00e1bitos que nos acercan a nuestros sue\u00f1os? \u00bfNuestras metas est\u00e1n alineadas con nuestros valores m\u00e1s profundos?<\/p>\n<p><strong>La Importancia de la Flexibilidad Mental<\/strong><\/p>\n<p>A menudo, estamos tan arraigados en nuestras formas de pensar habituales que nos resistimos al cambio. Sin embargo, la vida es din\u00e1mica y el cambio es inevitable. Cultivar una mentalidad flexible nos permite adaptarnos a nuevas circunstancias y encontrar oportunidades en los desaf\u00edos.<\/p>\n<p><strong>Hacia Nuevas Metas y Sue\u00f1os<\/strong><\/p>\n<p>El &#8220;A\u00f1o Nuevo, Pensamientos Nuevos&#8221; es el momento perfecto para trazar nuevos objetivos. Esto no solo implica establecer resoluciones de a\u00f1o nuevo, sino tambi\u00e9n identificar pasos concretos para lograr esos objetivos. Se trata de convertir los sue\u00f1os en planes tangibles y ejecutables.<\/p>\n<p><strong>El Poder de la Positividad<\/strong><\/p>\n<p>Nuestros pensamientos tienen un impacto profundo en nuestra realidad. Adoptar una mentalidad positiva no solo mejora nuestra perspectiva, sino que tambi\u00e9n influye en la forma en que enfrentamos los desaf\u00edos. Cultivar la gratitud y el optimismo puede transformar nuestra manera de experimentar el mundo.<\/p>\n<p>El &#8220;A\u00f1o Nuevo, Pensamientos Nuevos&#8221; es mucho m\u00e1s que una frase de moda; es un recordatorio de que tenemos el poder de transformar nuestras vidas a trav\u00e9s de nuestros pensamientos y acciones. Este cambio de a\u00f1o es una oportunidad para renovar nuestra mentalidad, trazar nuevas metas y abrazar el potencial ilimitado que cada nuevo d\u00eda nos ofrece.<\/p>\n<p>Al adoptar una mentalidad abierta y positiva, podemos enfrentar el futuro con confianza y entusiasmo, listos para abrazar las oportunidades que nos esperan. Este a\u00f1o nuevo, compromet\u00e1monos a cultivar pensamientos que nos impulsen hacia adelante, que nos inspiren a crecer y que nos gu\u00eden hacia una vida llena de significado y realizaci\u00f3n.<\/p>\n<p><a href=\"https:\/\/www.instagram.com\/piensoenpositivo\/\"><img fetchpriority=\"high\" decoding=\"async\" class=\"size-medium wp-image-44914 alignleft\" src=\"https:\/\/yopiensoenpositivo.com\/online\/wp-content\/uploads\/2023\/12\/maryale-new-300x300.jpg\" alt=\"\" width=\"300\" height=\"300\" srcset=\"https:\/\/yopiensoenpositivo.com\/online\/wp-content\/uploads\/2023\/12\/maryale-new-300x300.jpg 300w, https:\/\/yopiensoenpositivo.com\/online\/wp-content\/uploads\/2023\/12\/maryale-new-150x150.jpg 150w, https:\/\/yopiensoenpositivo.com\/online\/wp-content\/uploads\/2023\/12\/maryale-new-80x80.jpg 80w, https:\/\/yopiensoenpositivo.com\/online\/wp-content\/uploads\/2023\/12\/maryale-new-100x100.jpg 100w, https:\/\/yopiensoenpositivo.com\/online\/wp-content\/uploads\/2023\/12\/maryale-new.jpg 341w\" sizes=\"(max-width: 300px) 100vw, 300px\" \/><\/a><\/p>\n<p>&nbsp;<\/p>\n<p><strong>Por MaryAle <\/strong><\/p>\n<p><a href=\"https:\/\/www.instagram.com\/piensoenpositivo\/\"><strong>@piensoenpositivo<\/strong><\/a><\/p>\n","protected":false},"excerpt":{"rendered":"<p>Cada cambio de a\u00f1o nos brinda la oportunidad de reflexionar sobre lo que hemos vivido, aprender de nuestras experiencias y mirar hacia adelante con una visi\u00f3n renovada. Es el momento perfecto para abrazar el lema &#8220;A\u00f1o Nuevo, Pensamientos Nuevos&#8221;, un recordatorio poderoso de que nuestras mentes tienen el poder de dar forma a nuestra realidad. [&hellip;]<\/p>\n","protected":false},"author":4,"featured_media":44913,"comment_status":"open","ping_status":"open","sticky":false,"template":"","format":"standard","meta":{"footnotes":""},"categories":[99],"tags":[250,161,133,134,130,155,136,157,131,187,238,224],"class_list":["post-44912","post","type-post","status-publish","format-standard","has-post-thumbnail","hentry","category-mensajespositivos","tag-autoestima","tag-equilibrio","tag-mente","tag-pensamiento-positivo","tag-poder","tag-positividad","tag-psicologia","tag-resiliencia","tag-respiracion","tag-salud","tag-valores","tag-vida"],"yoast_head":"<!-- This site is optimized with the Yoast SEO plugin v27.5 - https:\/\/yoast.com\/product\/yoast-seo-wordpress\/ -->\n<title>A\u00f1o Nuevo, Pensamientos Nuevos: El Poder Transformador del Cambio - Pienso En Positivo<\/title>\n<meta name=\"description\" content=\"El concepto de &quot;A\u00f1o Nuevo, Pensamientos Nuevos&quot; no solo se trata de festejar una fecha en el calendario, sino de una invitaci\u00f3n a renovar nuestra mentalidad.\" \/>\n<meta name=\"robots\" content=\"index, follow, max-snippet:-1, max-image-preview:large, max-video-preview:-1\" \/>\n<link rel=\"canonical\" href=\"https:\/\/yopiensoenpositivo.com\/online\/ano-nuevo-pensamientos-nuevos-el-poder-transformador-del-cambio\/\" \/>\n<meta property=\"og:locale\" content=\"es_ES\" \/>\n<meta property=\"og:type\" content=\"article\" \/>\n<meta property=\"og:title\" content=\"A\u00f1o Nuevo, Pensamientos Nuevos: El Poder Transformador del Cambio - Pienso En Positivo\" \/>\n<meta property=\"og:description\" content=\"El concepto de &quot;A\u00f1o Nuevo, Pensamientos Nuevos&quot; no solo se trata de festejar una fecha en el calendario, sino de una invitaci\u00f3n a renovar nuestra mentalidad.\" \/>\n<meta property=\"og:url\" content=\"https:\/\/yopiensoenpositivo.com\/online\/ano-nuevo-pensamientos-nuevos-el-poder-transformador-del-cambio\/\" \/>\n<meta property=\"og:site_name\" content=\"Pienso En Positivo\" \/>\n<meta property=\"article:published_time\" content=\"2023-12-30T04:01:53+00:00\" \/>\n<meta property=\"article:modified_time\" content=\"2023-12-30T05:08:08+00:00\" \/>\n<meta property=\"og:image\" content=\"https:\/\/yopiensoenpositivo.com\/online\/wp-content\/uploads\/2023\/12\/banner-year2024.jpg\" \/>\n\t<meta property=\"og:image:width\" content=\"1600\" \/>\n\t<meta property=\"og:image:height\" content=\"800\" \/>\n\t<meta property=\"og:image:type\" content=\"image\/jpeg\" \/>\n<meta name=\"author\" content=\"Pienso en positivo\" \/>\n<meta name=\"twitter:card\" content=\"summary_large_image\" \/>\n<meta name=\"twitter:label1\" content=\"Escrito por\" \/>\n\t<meta name=\"twitter:data1\" content=\"Pienso en positivo\" \/>\n\t<meta name=\"twitter:label2\" content=\"Tiempo de lectura\" \/>\n\t<meta name=\"twitter:data2\" content=\"2 minutos\" \/>\n<script type=\"application\/ld+json\" class=\"yoast-schema-graph\">{\"@context\":\"https:\\\/\\\/schema.org\",\"@graph\":[{\"@type\":\"Article\",\"@id\":\"https:\\\/\\\/yopiensoenpositivo.com\\\/online\\\/ano-nuevo-pensamientos-nuevos-el-poder-transformador-del-cambio\\\/#article\",\"isPartOf\":{\"@id\":\"https:\\\/\\\/yopiensoenpositivo.com\\\/online\\\/ano-nuevo-pensamientos-nuevos-el-poder-transformador-del-cambio\\\/\"},\"author\":{\"name\":\"Pienso en positivo\",\"@id\":\"https:\\\/\\\/yopiensoenpositivo.com\\\/online\\\/#\\\/schema\\\/person\\\/5b0294f44521e63e12f78f8522f15fbf\"},\"headline\":\"A\u00f1o Nuevo, Pensamientos Nuevos: El Poder Transformador del Cambio\",\"datePublished\":\"2023-12-30T04:01:53+00:00\",\"dateModified\":\"2023-12-30T05:08:08+00:00\",\"mainEntityOfPage\":{\"@id\":\"https:\\\/\\\/yopiensoenpositivo.com\\\/online\\\/ano-nuevo-pensamientos-nuevos-el-poder-transformador-del-cambio\\\/\"},\"wordCount\":447,\"commentCount\":0,\"image\":{\"@id\":\"https:\\\/\\\/yopiensoenpositivo.com\\\/online\\\/ano-nuevo-pensamientos-nuevos-el-poder-transformador-del-cambio\\\/#primaryimage\"},\"thumbnailUrl\":\"https:\\\/\\\/yopiensoenpositivo.com\\\/online\\\/wp-content\\\/uploads\\\/2023\\\/12\\\/banner-year2024.jpg\",\"keywords\":[\"autoestima\",\"equilibrio\",\"mente\",\"pensamiento positivo\",\"poder\",\"positividad\",\"psicologia\",\"resiliencia\",\"Respiraci\u00f3n\",\"Salud\",\"valores\",\"vida\"],\"articleSection\":[\"Mensajes positivos\"],\"inLanguage\":\"es\",\"potentialAction\":[{\"@type\":\"CommentAction\",\"name\":\"Comment\",\"target\":[\"https:\\\/\\\/yopiensoenpositivo.com\\\/online\\\/ano-nuevo-pensamientos-nuevos-el-poder-transformador-del-cambio\\\/#respond\"]}]},{\"@type\":\"WebPage\",\"@id\":\"https:\\\/\\\/yopiensoenpositivo.com\\\/online\\\/ano-nuevo-pensamientos-nuevos-el-poder-transformador-del-cambio\\\/\",\"url\":\"https:\\\/\\\/yopiensoenpositivo.com\\\/online\\\/ano-nuevo-pensamientos-nuevos-el-poder-transformador-del-cambio\\\/\",\"name\":\"A\u00f1o Nuevo, Pensamientos Nuevos: El Poder Transformador del Cambio - Pienso En Positivo\",\"isPartOf\":{\"@id\":\"https:\\\/\\\/yopiensoenpositivo.com\\\/online\\\/#website\"},\"primaryImageOfPage\":{\"@id\":\"https:\\\/\\\/yopiensoenpositivo.com\\\/online\\\/ano-nuevo-pensamientos-nuevos-el-poder-transformador-del-cambio\\\/#primaryimage\"},\"image\":{\"@id\":\"https:\\\/\\\/yopiensoenpositivo.com\\\/online\\\/ano-nuevo-pensamientos-nuevos-el-poder-transformador-del-cambio\\\/#primaryimage\"},\"thumbnailUrl\":\"https:\\\/\\\/yopiensoenpositivo.com\\\/online\\\/wp-content\\\/uploads\\\/2023\\\/12\\\/banner-year2024.jpg\",\"datePublished\":\"2023-12-30T04:01:53+00:00\",\"dateModified\":\"2023-12-30T05:08:08+00:00\",\"author\":{\"@id\":\"https:\\\/\\\/yopiensoenpositivo.com\\\/online\\\/#\\\/schema\\\/person\\\/5b0294f44521e63e12f78f8522f15fbf\"},\"description\":\"El concepto de \\\"A\u00f1o Nuevo, Pensamientos Nuevos\\\" no solo se trata de festejar una fecha en el calendario, sino de una invitaci\u00f3n a renovar nuestra mentalidad.\",\"breadcrumb\":{\"@id\":\"https:\\\/\\\/yopiensoenpositivo.com\\\/online\\\/ano-nuevo-pensamientos-nuevos-el-poder-transformador-del-cambio\\\/#breadcrumb\"},\"inLanguage\":\"es\",\"potentialAction\":[{\"@type\":\"ReadAction\",\"target\":[\"https:\\\/\\\/yopiensoenpositivo.com\\\/online\\\/ano-nuevo-pensamientos-nuevos-el-poder-transformador-del-cambio\\\/\"]}]},{\"@type\":\"ImageObject\",\"inLanguage\":\"es\",\"@id\":\"https:\\\/\\\/yopiensoenpositivo.com\\\/online\\\/ano-nuevo-pensamientos-nuevos-el-poder-transformador-del-cambio\\\/#primaryimage\",\"url\":\"https:\\\/\\\/yopiensoenpositivo.com\\\/online\\\/wp-content\\\/uploads\\\/2023\\\/12\\\/banner-year2024.jpg\",\"contentUrl\":\"https:\\\/\\\/yopiensoenpositivo.com\\\/online\\\/wp-content\\\/uploads\\\/2023\\\/12\\\/banner-year2024.jpg\",\"width\":1600,\"height\":800},{\"@type\":\"BreadcrumbList\",\"@id\":\"https:\\\/\\\/yopiensoenpositivo.com\\\/online\\\/ano-nuevo-pensamientos-nuevos-el-poder-transformador-del-cambio\\\/#breadcrumb\",\"itemListElement\":[{\"@type\":\"ListItem\",\"position\":1,\"name\":\"Portada\",\"item\":\"https:\\\/\\\/yopiensoenpositivo.com\\\/online\\\/\"},{\"@type\":\"ListItem\",\"position\":2,\"name\":\"A\u00f1o Nuevo, Pensamientos Nuevos: El Poder Transformador del Cambio\"}]},{\"@type\":\"WebSite\",\"@id\":\"https:\\\/\\\/yopiensoenpositivo.com\\\/online\\\/#website\",\"url\":\"https:\\\/\\\/yopiensoenpositivo.com\\\/online\\\/\",\"name\":\"Pienso En Positivo\",\"description\":\"Te ayudamos a vivir y pensar en positivo\",\"potentialAction\":[{\"@type\":\"SearchAction\",\"target\":{\"@type\":\"EntryPoint\",\"urlTemplate\":\"https:\\\/\\\/yopiensoenpositivo.com\\\/online\\\/?s={search_term_string}\"},\"query-input\":{\"@type\":\"PropertyValueSpecification\",\"valueRequired\":true,\"valueName\":\"search_term_string\"}}],\"inLanguage\":\"es\"},{\"@type\":\"Person\",\"@id\":\"https:\\\/\\\/yopiensoenpositivo.com\\\/online\\\/#\\\/schema\\\/person\\\/5b0294f44521e63e12f78f8522f15fbf\",\"name\":\"Pienso en positivo\",\"image\":{\"@type\":\"ImageObject\",\"inLanguage\":\"es\",\"@id\":\"https:\\\/\\\/secure.gravatar.com\\\/avatar\\\/35fff5dad79ce1b037f152f27237cc592a95d286414e06ada68902451142a1f2?s=96&d=mm&r=g\",\"url\":\"https:\\\/\\\/secure.gravatar.com\\\/avatar\\\/35fff5dad79ce1b037f152f27237cc592a95d286414e06ada68902451142a1f2?s=96&d=mm&r=g\",\"contentUrl\":\"https:\\\/\\\/secure.gravatar.com\\\/avatar\\\/35fff5dad79ce1b037f152f27237cc592a95d286414e06ada68902451142a1f2?s=96&d=mm&r=g\",\"caption\":\"Pienso en positivo\"},\"url\":\"https:\\\/\\\/yopiensoenpositivo.com\\\/online\\\/author\\\/pienso-en-positivo\\\/\"}]}<\/script>\n<!-- \/ Yoast SEO plugin. -->","yoast_head_json":{"title":"A\u00f1o Nuevo, Pensamientos Nuevos: El Poder Transformador del Cambio - Pienso En Positivo","description":"El concepto de \"A\u00f1o Nuevo, Pensamientos Nuevos\" no solo se trata de festejar una fecha en el calendario, sino de una invitaci\u00f3n a renovar nuestra mentalidad.","robots":{"index":"index","follow":"follow","max-snippet":"max-snippet:-1","max-image-preview":"max-image-preview:large","max-video-preview":"max-video-preview:-1"},"canonical":"https:\/\/yopiensoenpositivo.com\/online\/ano-nuevo-pensamientos-nuevos-el-poder-transformador-del-cambio\/","og_locale":"es_ES","og_type":"article","og_title":"A\u00f1o Nuevo, Pensamientos Nuevos: El Poder Transformador del Cambio - Pienso En Positivo","og_description":"El concepto de \"A\u00f1o Nuevo, Pensamientos Nuevos\" no solo se trata de festejar una fecha en el calendario, sino de una invitaci\u00f3n a renovar nuestra mentalidad.","og_url":"https:\/\/yopiensoenpositivo.com\/online\/ano-nuevo-pensamientos-nuevos-el-poder-transformador-del-cambio\/","og_site_name":"Pienso En Positivo","article_published_time":"2023-12-30T04:01:53+00:00","article_modified_time":"2023-12-30T05:08:08+00:00","og_image":[{"width":1600,"height":800,"url":"https:\/\/yopiensoenpositivo.com\/online\/wp-content\/uploads\/2023\/12\/banner-year2024.jpg","type":"image\/jpeg"}],"author":"Pienso en positivo","twitter_card":"summary_large_image","twitter_misc":{"Escrito por":"Pienso en positivo","Tiempo de lectura":"2 minutos"},"schema":{"@context":"https:\/\/schema.org","@graph":[{"@type":"Article","@id":"https:\/\/yopiensoenpositivo.com\/online\/ano-nuevo-pensamientos-nuevos-el-poder-transformador-del-cambio\/#article","isPartOf":{"@id":"https:\/\/yopiensoenpositivo.com\/online\/ano-nuevo-pensamientos-nuevos-el-poder-transformador-del-cambio\/"},"author":{"name":"Pienso en positivo","@id":"https:\/\/yopiensoenpositivo.com\/online\/#\/schema\/person\/5b0294f44521e63e12f78f8522f15fbf"},"headline":"A\u00f1o Nuevo, Pensamientos Nuevos: El Poder Transformador del Cambio","datePublished":"2023-12-30T04:01:53+00:00","dateModified":"2023-12-30T05:08:08+00:00","mainEntityOfPage":{"@id":"https:\/\/yopiensoenpositivo.com\/online\/ano-nuevo-pensamientos-nuevos-el-poder-transformador-del-cambio\/"},"wordCount":447,"commentCount":0,"image":{"@id":"https:\/\/yopiensoenpositivo.com\/online\/ano-nuevo-pensamientos-nuevos-el-poder-transformador-del-cambio\/#primaryimage"},"thumbnailUrl":"https:\/\/yopiensoenpositivo.com\/online\/wp-content\/uploads\/2023\/12\/banner-year2024.jpg","keywords":["autoestima","equilibrio","mente","pensamiento positivo","poder","positividad","psicologia","resiliencia","Respiraci\u00f3n","Salud","valores","vida"],"articleSection":["Mensajes positivos"],"inLanguage":"es","potentialAction":[{"@type":"CommentAction","name":"Comment","target":["https:\/\/yopiensoenpositivo.com\/online\/ano-nuevo-pensamientos-nuevos-el-poder-transformador-del-cambio\/#respond"]}]},{"@type":"WebPage","@id":"https:\/\/yopiensoenpositivo.com\/online\/ano-nuevo-pensamientos-nuevos-el-poder-transformador-del-cambio\/","url":"https:\/\/yopiensoenpositivo.com\/online\/ano-nuevo-pensamientos-nuevos-el-poder-transformador-del-cambio\/","name":"A\u00f1o Nuevo, Pensamientos Nuevos: El Poder Transformador del Cambio - Pienso En Positivo","isPartOf":{"@id":"https:\/\/yopiensoenpositivo.com\/online\/#website"},"primaryImageOfPage":{"@id":"https:\/\/yopiensoenpositivo.com\/online\/ano-nuevo-pensamientos-nuevos-el-poder-transformador-del-cambio\/#primaryimage"},"image":{"@id":"https:\/\/yopiensoenpositivo.com\/online\/ano-nuevo-pensamientos-nuevos-el-poder-transformador-del-cambio\/#primaryimage"},"thumbnailUrl":"https:\/\/yopiensoenpositivo.com\/online\/wp-content\/uploads\/2023\/12\/banner-year2024.jpg","datePublished":"2023-12-30T04:01:53+00:00","dateModified":"2023-12-30T05:08:08+00:00","author":{"@id":"https:\/\/yopiensoenpositivo.com\/online\/#\/schema\/person\/5b0294f44521e63e12f78f8522f15fbf"},"description":"El concepto de \"A\u00f1o Nuevo, Pensamientos Nuevos\" no solo se trata de festejar una fecha en el calendario, sino de una invitaci\u00f3n a renovar nuestra mentalidad.","breadcrumb":{"@id":"https:\/\/yopiensoenpositivo.com\/online\/ano-nuevo-pensamientos-nuevos-el-poder-transformador-del-cambio\/#breadcrumb"},"inLanguage":"es","potentialAction":[{"@type":"ReadAction","target":["https:\/\/yopiensoenpositivo.com\/online\/ano-nuevo-pensamientos-nuevos-el-poder-transformador-del-cambio\/"]}]},{"@type":"ImageObject","inLanguage":"es","@id":"https:\/\/yopiensoenpositivo.com\/online\/ano-nuevo-pensamientos-nuevos-el-poder-transformador-del-cambio\/#primaryimage","url":"https:\/\/yopiensoenpositivo.com\/online\/wp-content\/uploads\/2023\/12\/banner-year2024.jpg","contentUrl":"https:\/\/yopiensoenpositivo.com\/online\/wp-content\/uploads\/2023\/12\/banner-year2024.jpg","width":1600,"height":800},{"@type":"BreadcrumbList","@id":"https:\/\/yopiensoenpositivo.com\/online\/ano-nuevo-pensamientos-nuevos-el-poder-transformador-del-cambio\/#breadcrumb","itemListElement":[{"@type":"ListItem","position":1,"name":"Portada","item":"https:\/\/yopiensoenpositivo.com\/online\/"},{"@type":"ListItem","position":2,"name":"A\u00f1o Nuevo, Pensamientos Nuevos: El Poder Transformador del Cambio"}]},{"@type":"WebSite","@id":"https:\/\/yopiensoenpositivo.com\/online\/#website","url":"https:\/\/yopiensoenpositivo.com\/online\/","name":"Pienso En Positivo","description":"Te ayudamos a vivir y pensar en positivo","potentialAction":[{"@type":"SearchAction","target":{"@type":"EntryPoint","urlTemplate":"https:\/\/yopiensoenpositivo.com\/online\/?s={search_term_string}"},"query-input":{"@type":"PropertyValueSpecification","valueRequired":true,"valueName":"search_term_string"}}],"inLanguage":"es"},{"@type":"Person","@id":"https:\/\/yopiensoenpositivo.com\/online\/#\/schema\/person\/5b0294f44521e63e12f78f8522f15fbf","name":"Pienso en positivo","image":{"@type":"ImageObject","inLanguage":"es","@id":"https:\/\/secure.gravatar.com\/avatar\/35fff5dad79ce1b037f152f27237cc592a95d286414e06ada68902451142a1f2?s=96&d=mm&r=g","url":"https:\/\/secure.gravatar.com\/avatar\/35fff5dad79ce1b037f152f27237cc592a95d286414e06ada68902451142a1f2?s=96&d=mm&r=g","contentUrl":"https:\/\/secure.gravatar.com\/avatar\/35fff5dad79ce1b037f152f27237cc592a95d286414e06ada68902451142a1f2?s=96&d=mm&r=g","caption":"Pienso en positivo"},"url":"https:\/\/yopiensoenpositivo.com\/online\/author\/pienso-en-positivo\/"}]}},"post_mailing_queue_ids":[],"_links":{"self":[{"href":"https:\/\/yopiensoenpositivo.com\/online\/wp-json\/wp\/v2\/posts\/44912","targetHints":{"allow":["GET"]}}],"collection":[{"href":"https:\/\/yopiensoenpositivo.com\/online\/wp-json\/wp\/v2\/posts"}],"about":[{"href":"https:\/\/yopiensoenpositivo.com\/online\/wp-json\/wp\/v2\/types\/post"}],"author":[{"embeddable":true,"href":"https:\/\/yopiensoenpositivo.com\/online\/wp-json\/wp\/v2\/users\/4"}],"replies":[{"embeddable":true,"href":"https:\/\/yopiensoenpositivo.com\/online\/wp-json\/wp\/v2\/comments?post=44912"}],"version-history":[{"count":2,"href":"https:\/\/yopiensoenpositivo.com\/online\/wp-json\/wp\/v2\/posts\/44912\/revisions"}],"predecessor-version":[{"id":44916,"href":"https:\/\/yopiensoenpositivo.com\/online\/wp-json\/wp\/v2\/posts\/44912\/revisions\/44916"}],"wp:featuredmedia":[{"embeddable":true,"href":"https:\/\/yopiensoenpositivo.com\/online\/wp-json\/wp\/v2\/media\/44913"}],"wp:attachment":[{"href":"https:\/\/yopiensoenpositivo.com\/online\/wp-json\/wp\/v2\/media?parent=44912"}],"wp:term":[{"taxonomy":"category","embeddable":true,"href":"https:\/\/yopiensoenpositivo.com\/online\/wp-json\/wp\/v2\/categories?post=44912"},{"taxonomy":"post_tag","embeddable":true,"href":"https:\/\/yopiensoenpositivo.com\/online\/wp-json\/wp\/v2\/tags?post=44912"}],"curies":[{"name":"wp","href":"https:\/\/api.w.org\/{rel}","templated":true}]}}