{"id":44863,"date":"2023-12-23T09:19:41","date_gmt":"2023-12-23T13:19:41","guid":{"rendered":"https:\/\/yopiensoenpositivo.com\/online\/?p=44863"},"modified":"2023-12-23T09:19:41","modified_gmt":"2023-12-23T13:19:41","slug":"la-frecuencia-elegida-determina-hacia-donde-vamos","status":"publish","type":"post","link":"https:\/\/yopiensoenpositivo.com\/online\/la-frecuencia-elegida-determina-hacia-donde-vamos\/","title":{"rendered":"La frecuencia elegida determina hacia d\u00f3nde vamos"},"content":{"rendered":"<p>\u201cA medida que avanzamos gradualmente en este A\u00f1o Nuevo 2024, nos acercamos a la edad acuariana, que en realidad comienza alrededor de 2400 CE (Era Com\u00fan o Anno Domini). Sin embargo, ya estamos sembrando lo que se convertir\u00e1 en una Era de armon\u00eda y rehabilitaci\u00f3n de viejos valor<strong>es. Una nueva frecuencia arm\u00f3nica que est\u00e1 representada por Plut\u00f3n movi\u00e9ndose a Acuario<\/strong>, y muchos otros eventos fuera de nuestros confines planetarios que est\u00e1n marcando el fin de una era.<\/p>\n<p>Nuestro nuevo destino est\u00e1 dentro, como los gu\u00edas comparten muchas veces, <strong>porque es nuestra frecuencia elegida la que determina hacia d\u00f3nde vamos y lo que vemos en el exterior<\/strong>. No hay destino al que llegar, porque todo ya est\u00e1 dentro de nosotros. Solo tenemos que cambiar nuestro enfoque interiormente.<\/p>\n<p>2024 es el a\u00f1o de la integraci\u00f3n mon\u00e1dica, que como saben comprende desde la s\u00e9ptima dimensi\u00f3n hasta la novena, a medida que entramos en este nuevo a\u00f1o, los Gu\u00edas se expanden en la esencia del 2024, compartiendo esto ser\u00e1 tambi\u00e9n el a\u00f1o de la multiplicaci\u00f3n que es el resultado de encarnar la m\u00f3nada y pasar a dimensiones m\u00e1s iluminadas.<\/p>\n<p>Como saben el 2023 ha sido el a\u00f1o en el que muchos se han movido a los niveles del alma, abriendo su portal corporal de quinta dimensi\u00f3n, o quinto chakra, que est\u00e1 conectado al aspecto quinta dimensional de nosotros, y empezando a avanzar, hacia los niveles de sexta dimensi\u00f3n.<\/p>\n<p>Durante el 2024, ahora nos dirigimos a la encarnaci\u00f3n de la M\u00f3nada, curando y abriendo nuestro ocho chakra, sus ocho hebras de ADN correspondientes, y timo, tambi\u00e9n llamado Coraz\u00f3n Superior, como la parte f\u00edsica de nuestro cuerpo que se conecta con la m\u00f3nada. El color azul de nuestro portal de quinta dimensi\u00f3n, junto con el dorado ser\u00eda el espectro con el que estaremos trabajando, para dar fruto a esta activaci\u00f3n.\u00a0 Muchos est\u00e1n dispuestos a seguir encarnando aspectos superiores de s\u00ed mismos, y es precisamente cuando nos movemos a la M\u00f3nada, que podremos descender m\u00e1s luz, sabidur\u00eda y poder, multiplicando lo que previamente expandimos. Puede ser abundancia, m\u00e1s amor, paz, o cualquier otra cosa que\u00a0 necesitemos para nosotros mismos o la realidad, porque <strong>la Luz de Dios sostiene y expande todo si estamos alineados a ella, y permitimos que funcione a trav\u00e9s de nosotros.<\/strong><\/p>\n<p>Un proceso que est\u00e1 demasiado representado por el\u00a0 n\u00famero ocho, la frecuencia universal de este 2024, que destaca la abundancia del amor, y la asistencia, que nuestro planeta est\u00e1 recibiendo, y que nosotros tambi\u00e9n estamos descendiendo de \u00e9l, a medida que la fuerza vital m\u00e1s espiritual recibida, m\u00e1s conciencia para expandirse en dimensiones iluminadas m\u00e1s altas<\/p>\n<p>Que sigas avanzando hacia la Luz, creciendo en amor, sabidur\u00eda y poder.<\/p>\n<p>Les deseo un bendecido 2024, lleno de infinito amor, abundancia y alegr\u00eda, seres amados.<\/p>\n<p>&nbsp;<\/p>\n<p><a href=\"https:\/\/elblogdemagnolia.wordpress.com\/\"><img fetchpriority=\"high\" decoding=\"async\" class=\"wp-image-40281 alignleft\" src=\"https:\/\/yopiensoenpositivo.com\/online\/wp-content\/uploads\/2022\/09\/magnolia-300x300.png\" alt=\"\" width=\"232\" height=\"232\" srcset=\"https:\/\/yopiensoenpositivo.com\/online\/wp-content\/uploads\/2022\/09\/magnolia-300x300.png 300w, https:\/\/yopiensoenpositivo.com\/online\/wp-content\/uploads\/2022\/09\/magnolia-150x150.png 150w, https:\/\/yopiensoenpositivo.com\/online\/wp-content\/uploads\/2022\/09\/magnolia-80x80.png 80w, https:\/\/yopiensoenpositivo.com\/online\/wp-content\/uploads\/2022\/09\/magnolia-100x100.png 100w, https:\/\/yopiensoenpositivo.com\/online\/wp-content\/uploads\/2022\/09\/magnolia.png 600w\" sizes=\"(max-width: 232px) 100vw, 232px\" \/><\/a><\/p>\n<p>Arte por :<\/p>\n<p>Frecuencia codificada Natalia Alba<\/p>\n<p><a href=\"https:\/\/elblogdemagnolia.wordpress.com\/\">Elblogdemagnolia.wordpress.com<\/a><\/p>\n","protected":false},"excerpt":{"rendered":"<p>\u201cA medida que avanzamos gradualmente en este A\u00f1o Nuevo 2024, nos acercamos a la edad acuariana, que en realidad comienza alrededor de 2400 CE (Era Com\u00fan o Anno Domini). Sin embargo, ya estamos sembrando lo que se convertir\u00e1 en una Era de armon\u00eda y rehabilitaci\u00f3n de viejos valores. Una nueva frecuencia arm\u00f3nica que est\u00e1 representada [&hellip;]<\/p>\n","protected":false},"author":4,"featured_media":44864,"comment_status":"open","ping_status":"open","sticky":false,"template":"","format":"standard","meta":{"footnotes":""},"categories":[99],"tags":[],"class_list":["post-44863","post","type-post","status-publish","format-standard","has-post-thumbnail","hentry","category-mensajespositivos"],"yoast_head":"<!-- This site is optimized with the Yoast SEO plugin v27.5 - https:\/\/yoast.com\/product\/yoast-seo-wordpress\/ -->\n<title>La frecuencia elegida determina hacia d\u00f3nde vamos - Pienso En Positivo<\/title>\n<meta name=\"description\" content=\"Porque es nuestra frecuencia elegida la que determina hacia d\u00f3nde vamos y lo que vemos en el exterior. No hay destino al que llegar...\" \/>\n<meta name=\"robots\" content=\"index, follow, max-snippet:-1, max-image-preview:large, max-video-preview:-1\" \/>\n<link rel=\"canonical\" href=\"https:\/\/yopiensoenpositivo.com\/online\/la-frecuencia-elegida-determina-hacia-donde-vamos\/\" \/>\n<meta property=\"og:locale\" content=\"es_ES\" \/>\n<meta property=\"og:type\" content=\"article\" \/>\n<meta property=\"og:title\" content=\"La frecuencia elegida determina hacia d\u00f3nde vamos - Pienso En Positivo\" \/>\n<meta property=\"og:description\" content=\"Porque es nuestra frecuencia elegida la que determina hacia d\u00f3nde vamos y lo que vemos en el exterior. No hay destino al que llegar...\" \/>\n<meta property=\"og:url\" content=\"https:\/\/yopiensoenpositivo.com\/online\/la-frecuencia-elegida-determina-hacia-donde-vamos\/\" \/>\n<meta property=\"og:site_name\" content=\"Pienso En Positivo\" \/>\n<meta property=\"article:published_time\" content=\"2023-12-23T13:19:41+00:00\" \/>\n<meta property=\"og:image\" content=\"https:\/\/yopiensoenpositivo.com\/online\/wp-content\/uploads\/2023\/12\/frecuencia-.jpg\" \/>\n\t<meta property=\"og:image:width\" content=\"1600\" \/>\n\t<meta property=\"og:image:height\" content=\"800\" \/>\n\t<meta property=\"og:image:type\" content=\"image\/jpeg\" \/>\n<meta name=\"author\" content=\"Pienso en positivo\" \/>\n<meta name=\"twitter:card\" content=\"summary_large_image\" \/>\n<meta name=\"twitter:label1\" content=\"Escrito por\" \/>\n\t<meta name=\"twitter:data1\" content=\"Pienso en positivo\" \/>\n\t<meta name=\"twitter:label2\" content=\"Tiempo de lectura\" \/>\n\t<meta name=\"twitter:data2\" content=\"3 minutos\" \/>\n<script type=\"application\/ld+json\" class=\"yoast-schema-graph\">{\"@context\":\"https:\\\/\\\/schema.org\",\"@graph\":[{\"@type\":\"Article\",\"@id\":\"https:\\\/\\\/yopiensoenpositivo.com\\\/online\\\/la-frecuencia-elegida-determina-hacia-donde-vamos\\\/#article\",\"isPartOf\":{\"@id\":\"https:\\\/\\\/yopiensoenpositivo.com\\\/online\\\/la-frecuencia-elegida-determina-hacia-donde-vamos\\\/\"},\"author\":{\"name\":\"Pienso en positivo\",\"@id\":\"https:\\\/\\\/yopiensoenpositivo.com\\\/online\\\/#\\\/schema\\\/person\\\/5b0294f44521e63e12f78f8522f15fbf\"},\"headline\":\"La frecuencia elegida determina hacia d\u00f3nde vamos\",\"datePublished\":\"2023-12-23T13:19:41+00:00\",\"mainEntityOfPage\":{\"@id\":\"https:\\\/\\\/yopiensoenpositivo.com\\\/online\\\/la-frecuencia-elegida-determina-hacia-donde-vamos\\\/\"},\"wordCount\":516,\"commentCount\":0,\"image\":{\"@id\":\"https:\\\/\\\/yopiensoenpositivo.com\\\/online\\\/la-frecuencia-elegida-determina-hacia-donde-vamos\\\/#primaryimage\"},\"thumbnailUrl\":\"https:\\\/\\\/yopiensoenpositivo.com\\\/online\\\/wp-content\\\/uploads\\\/2023\\\/12\\\/frecuencia-.jpg\",\"articleSection\":[\"Mensajes positivos\"],\"inLanguage\":\"es\",\"potentialAction\":[{\"@type\":\"CommentAction\",\"name\":\"Comment\",\"target\":[\"https:\\\/\\\/yopiensoenpositivo.com\\\/online\\\/la-frecuencia-elegida-determina-hacia-donde-vamos\\\/#respond\"]}]},{\"@type\":\"WebPage\",\"@id\":\"https:\\\/\\\/yopiensoenpositivo.com\\\/online\\\/la-frecuencia-elegida-determina-hacia-donde-vamos\\\/\",\"url\":\"https:\\\/\\\/yopiensoenpositivo.com\\\/online\\\/la-frecuencia-elegida-determina-hacia-donde-vamos\\\/\",\"name\":\"La frecuencia elegida determina hacia d\u00f3nde vamos - Pienso En Positivo\",\"isPartOf\":{\"@id\":\"https:\\\/\\\/yopiensoenpositivo.com\\\/online\\\/#website\"},\"primaryImageOfPage\":{\"@id\":\"https:\\\/\\\/yopiensoenpositivo.com\\\/online\\\/la-frecuencia-elegida-determina-hacia-donde-vamos\\\/#primaryimage\"},\"image\":{\"@id\":\"https:\\\/\\\/yopiensoenpositivo.com\\\/online\\\/la-frecuencia-elegida-determina-hacia-donde-vamos\\\/#primaryimage\"},\"thumbnailUrl\":\"https:\\\/\\\/yopiensoenpositivo.com\\\/online\\\/wp-content\\\/uploads\\\/2023\\\/12\\\/frecuencia-.jpg\",\"datePublished\":\"2023-12-23T13:19:41+00:00\",\"author\":{\"@id\":\"https:\\\/\\\/yopiensoenpositivo.com\\\/online\\\/#\\\/schema\\\/person\\\/5b0294f44521e63e12f78f8522f15fbf\"},\"description\":\"Porque es nuestra frecuencia elegida la que determina hacia d\u00f3nde vamos y lo que vemos en el exterior. No hay destino al que llegar...\",\"breadcrumb\":{\"@id\":\"https:\\\/\\\/yopiensoenpositivo.com\\\/online\\\/la-frecuencia-elegida-determina-hacia-donde-vamos\\\/#breadcrumb\"},\"inLanguage\":\"es\",\"potentialAction\":[{\"@type\":\"ReadAction\",\"target\":[\"https:\\\/\\\/yopiensoenpositivo.com\\\/online\\\/la-frecuencia-elegida-determina-hacia-donde-vamos\\\/\"]}]},{\"@type\":\"ImageObject\",\"inLanguage\":\"es\",\"@id\":\"https:\\\/\\\/yopiensoenpositivo.com\\\/online\\\/la-frecuencia-elegida-determina-hacia-donde-vamos\\\/#primaryimage\",\"url\":\"https:\\\/\\\/yopiensoenpositivo.com\\\/online\\\/wp-content\\\/uploads\\\/2023\\\/12\\\/frecuencia-.jpg\",\"contentUrl\":\"https:\\\/\\\/yopiensoenpositivo.com\\\/online\\\/wp-content\\\/uploads\\\/2023\\\/12\\\/frecuencia-.jpg\",\"width\":1600,\"height\":800},{\"@type\":\"BreadcrumbList\",\"@id\":\"https:\\\/\\\/yopiensoenpositivo.com\\\/online\\\/la-frecuencia-elegida-determina-hacia-donde-vamos\\\/#breadcrumb\",\"itemListElement\":[{\"@type\":\"ListItem\",\"position\":1,\"name\":\"Portada\",\"item\":\"https:\\\/\\\/yopiensoenpositivo.com\\\/online\\\/\"},{\"@type\":\"ListItem\",\"position\":2,\"name\":\"La frecuencia elegida determina hacia d\u00f3nde vamos\"}]},{\"@type\":\"WebSite\",\"@id\":\"https:\\\/\\\/yopiensoenpositivo.com\\\/online\\\/#website\",\"url\":\"https:\\\/\\\/yopiensoenpositivo.com\\\/online\\\/\",\"name\":\"Pienso En Positivo\",\"description\":\"Te ayudamos a vivir y pensar en positivo\",\"potentialAction\":[{\"@type\":\"SearchAction\",\"target\":{\"@type\":\"EntryPoint\",\"urlTemplate\":\"https:\\\/\\\/yopiensoenpositivo.com\\\/online\\\/?s={search_term_string}\"},\"query-input\":{\"@type\":\"PropertyValueSpecification\",\"valueRequired\":true,\"valueName\":\"search_term_string\"}}],\"inLanguage\":\"es\"},{\"@type\":\"Person\",\"@id\":\"https:\\\/\\\/yopiensoenpositivo.com\\\/online\\\/#\\\/schema\\\/person\\\/5b0294f44521e63e12f78f8522f15fbf\",\"name\":\"Pienso en positivo\",\"image\":{\"@type\":\"ImageObject\",\"inLanguage\":\"es\",\"@id\":\"https:\\\/\\\/secure.gravatar.com\\\/avatar\\\/35fff5dad79ce1b037f152f27237cc592a95d286414e06ada68902451142a1f2?s=96&d=mm&r=g\",\"url\":\"https:\\\/\\\/secure.gravatar.com\\\/avatar\\\/35fff5dad79ce1b037f152f27237cc592a95d286414e06ada68902451142a1f2?s=96&d=mm&r=g\",\"contentUrl\":\"https:\\\/\\\/secure.gravatar.com\\\/avatar\\\/35fff5dad79ce1b037f152f27237cc592a95d286414e06ada68902451142a1f2?s=96&d=mm&r=g\",\"caption\":\"Pienso en positivo\"},\"url\":\"https:\\\/\\\/yopiensoenpositivo.com\\\/online\\\/author\\\/pienso-en-positivo\\\/\"}]}<\/script>\n<!-- \/ Yoast SEO plugin. -->","yoast_head_json":{"title":"La frecuencia elegida determina hacia d\u00f3nde vamos - Pienso En Positivo","description":"Porque es nuestra frecuencia elegida la que determina hacia d\u00f3nde vamos y lo que vemos en el exterior. No hay destino al que llegar...","robots":{"index":"index","follow":"follow","max-snippet":"max-snippet:-1","max-image-preview":"max-image-preview:large","max-video-preview":"max-video-preview:-1"},"canonical":"https:\/\/yopiensoenpositivo.com\/online\/la-frecuencia-elegida-determina-hacia-donde-vamos\/","og_locale":"es_ES","og_type":"article","og_title":"La frecuencia elegida determina hacia d\u00f3nde vamos - Pienso En Positivo","og_description":"Porque es nuestra frecuencia elegida la que determina hacia d\u00f3nde vamos y lo que vemos en el exterior. No hay destino al que llegar...","og_url":"https:\/\/yopiensoenpositivo.com\/online\/la-frecuencia-elegida-determina-hacia-donde-vamos\/","og_site_name":"Pienso En Positivo","article_published_time":"2023-12-23T13:19:41+00:00","og_image":[{"width":1600,"height":800,"url":"https:\/\/yopiensoenpositivo.com\/online\/wp-content\/uploads\/2023\/12\/frecuencia-.jpg","type":"image\/jpeg"}],"author":"Pienso en positivo","twitter_card":"summary_large_image","twitter_misc":{"Escrito por":"Pienso en positivo","Tiempo de lectura":"3 minutos"},"schema":{"@context":"https:\/\/schema.org","@graph":[{"@type":"Article","@id":"https:\/\/yopiensoenpositivo.com\/online\/la-frecuencia-elegida-determina-hacia-donde-vamos\/#article","isPartOf":{"@id":"https:\/\/yopiensoenpositivo.com\/online\/la-frecuencia-elegida-determina-hacia-donde-vamos\/"},"author":{"name":"Pienso en positivo","@id":"https:\/\/yopiensoenpositivo.com\/online\/#\/schema\/person\/5b0294f44521e63e12f78f8522f15fbf"},"headline":"La frecuencia elegida determina hacia d\u00f3nde vamos","datePublished":"2023-12-23T13:19:41+00:00","mainEntityOfPage":{"@id":"https:\/\/yopiensoenpositivo.com\/online\/la-frecuencia-elegida-determina-hacia-donde-vamos\/"},"wordCount":516,"commentCount":0,"image":{"@id":"https:\/\/yopiensoenpositivo.com\/online\/la-frecuencia-elegida-determina-hacia-donde-vamos\/#primaryimage"},"thumbnailUrl":"https:\/\/yopiensoenpositivo.com\/online\/wp-content\/uploads\/2023\/12\/frecuencia-.jpg","articleSection":["Mensajes positivos"],"inLanguage":"es","potentialAction":[{"@type":"CommentAction","name":"Comment","target":["https:\/\/yopiensoenpositivo.com\/online\/la-frecuencia-elegida-determina-hacia-donde-vamos\/#respond"]}]},{"@type":"WebPage","@id":"https:\/\/yopiensoenpositivo.com\/online\/la-frecuencia-elegida-determina-hacia-donde-vamos\/","url":"https:\/\/yopiensoenpositivo.com\/online\/la-frecuencia-elegida-determina-hacia-donde-vamos\/","name":"La frecuencia elegida determina hacia d\u00f3nde vamos - Pienso En Positivo","isPartOf":{"@id":"https:\/\/yopiensoenpositivo.com\/online\/#website"},"primaryImageOfPage":{"@id":"https:\/\/yopiensoenpositivo.com\/online\/la-frecuencia-elegida-determina-hacia-donde-vamos\/#primaryimage"},"image":{"@id":"https:\/\/yopiensoenpositivo.com\/online\/la-frecuencia-elegida-determina-hacia-donde-vamos\/#primaryimage"},"thumbnailUrl":"https:\/\/yopiensoenpositivo.com\/online\/wp-content\/uploads\/2023\/12\/frecuencia-.jpg","datePublished":"2023-12-23T13:19:41+00:00","author":{"@id":"https:\/\/yopiensoenpositivo.com\/online\/#\/schema\/person\/5b0294f44521e63e12f78f8522f15fbf"},"description":"Porque es nuestra frecuencia elegida la que determina hacia d\u00f3nde vamos y lo que vemos en el exterior. No hay destino al que llegar...","breadcrumb":{"@id":"https:\/\/yopiensoenpositivo.com\/online\/la-frecuencia-elegida-determina-hacia-donde-vamos\/#breadcrumb"},"inLanguage":"es","potentialAction":[{"@type":"ReadAction","target":["https:\/\/yopiensoenpositivo.com\/online\/la-frecuencia-elegida-determina-hacia-donde-vamos\/"]}]},{"@type":"ImageObject","inLanguage":"es","@id":"https:\/\/yopiensoenpositivo.com\/online\/la-frecuencia-elegida-determina-hacia-donde-vamos\/#primaryimage","url":"https:\/\/yopiensoenpositivo.com\/online\/wp-content\/uploads\/2023\/12\/frecuencia-.jpg","contentUrl":"https:\/\/yopiensoenpositivo.com\/online\/wp-content\/uploads\/2023\/12\/frecuencia-.jpg","width":1600,"height":800},{"@type":"BreadcrumbList","@id":"https:\/\/yopiensoenpositivo.com\/online\/la-frecuencia-elegida-determina-hacia-donde-vamos\/#breadcrumb","itemListElement":[{"@type":"ListItem","position":1,"name":"Portada","item":"https:\/\/yopiensoenpositivo.com\/online\/"},{"@type":"ListItem","position":2,"name":"La frecuencia elegida determina hacia d\u00f3nde vamos"}]},{"@type":"WebSite","@id":"https:\/\/yopiensoenpositivo.com\/online\/#website","url":"https:\/\/yopiensoenpositivo.com\/online\/","name":"Pienso En Positivo","description":"Te ayudamos a vivir y pensar en positivo","potentialAction":[{"@type":"SearchAction","target":{"@type":"EntryPoint","urlTemplate":"https:\/\/yopiensoenpositivo.com\/online\/?s={search_term_string}"},"query-input":{"@type":"PropertyValueSpecification","valueRequired":true,"valueName":"search_term_string"}}],"inLanguage":"es"},{"@type":"Person","@id":"https:\/\/yopiensoenpositivo.com\/online\/#\/schema\/person\/5b0294f44521e63e12f78f8522f15fbf","name":"Pienso en positivo","image":{"@type":"ImageObject","inLanguage":"es","@id":"https:\/\/secure.gravatar.com\/avatar\/35fff5dad79ce1b037f152f27237cc592a95d286414e06ada68902451142a1f2?s=96&d=mm&r=g","url":"https:\/\/secure.gravatar.com\/avatar\/35fff5dad79ce1b037f152f27237cc592a95d286414e06ada68902451142a1f2?s=96&d=mm&r=g","contentUrl":"https:\/\/secure.gravatar.com\/avatar\/35fff5dad79ce1b037f152f27237cc592a95d286414e06ada68902451142a1f2?s=96&d=mm&r=g","caption":"Pienso en positivo"},"url":"https:\/\/yopiensoenpositivo.com\/online\/author\/pienso-en-positivo\/"}]}},"post_mailing_queue_ids":[],"_links":{"self":[{"href":"https:\/\/yopiensoenpositivo.com\/online\/wp-json\/wp\/v2\/posts\/44863","targetHints":{"allow":["GET"]}}],"collection":[{"href":"https:\/\/yopiensoenpositivo.com\/online\/wp-json\/wp\/v2\/posts"}],"about":[{"href":"https:\/\/yopiensoenpositivo.com\/online\/wp-json\/wp\/v2\/types\/post"}],"author":[{"embeddable":true,"href":"https:\/\/yopiensoenpositivo.com\/online\/wp-json\/wp\/v2\/users\/4"}],"replies":[{"embeddable":true,"href":"https:\/\/yopiensoenpositivo.com\/online\/wp-json\/wp\/v2\/comments?post=44863"}],"version-history":[{"count":1,"href":"https:\/\/yopiensoenpositivo.com\/online\/wp-json\/wp\/v2\/posts\/44863\/revisions"}],"predecessor-version":[{"id":44865,"href":"https:\/\/yopiensoenpositivo.com\/online\/wp-json\/wp\/v2\/posts\/44863\/revisions\/44865"}],"wp:featuredmedia":[{"embeddable":true,"href":"https:\/\/yopiensoenpositivo.com\/online\/wp-json\/wp\/v2\/media\/44864"}],"wp:attachment":[{"href":"https:\/\/yopiensoenpositivo.com\/online\/wp-json\/wp\/v2\/media?parent=44863"}],"wp:term":[{"taxonomy":"category","embeddable":true,"href":"https:\/\/yopiensoenpositivo.com\/online\/wp-json\/wp\/v2\/categories?post=44863"},{"taxonomy":"post_tag","embeddable":true,"href":"https:\/\/yopiensoenpositivo.com\/online\/wp-json\/wp\/v2\/tags?post=44863"}],"curies":[{"name":"wp","href":"https:\/\/api.w.org\/{rel}","templated":true}]}}