{"id":41098,"date":"2023-01-07T08:00:00","date_gmt":"2023-01-07T12:00:00","guid":{"rendered":"https:\/\/yopiensoenpositivo.com\/online\/?p=41098"},"modified":"2023-01-06T11:09:09","modified_gmt":"2023-01-06T15:09:09","slug":"sabias-que-tu-imagen-es-el-reflejo-de-tu-amor-propio-y-es-parte-de-tu-cuidado-energetico","status":"publish","type":"post","link":"https:\/\/yopiensoenpositivo.com\/online\/sabias-que-tu-imagen-es-el-reflejo-de-tu-amor-propio-y-es-parte-de-tu-cuidado-energetico\/","title":{"rendered":"\u00bfSab\u00edas que tu imagen es el reflejo de tu amor propio y es parte de tu cuidado energ\u00e9tico?"},"content":{"rendered":"\n<p>D\u00eda a d\u00eda nos paramos frente al armario y hacemos una elecci\u00f3n sobre los colores y lo que creemos que es adecuado utilizar, sin darnos cuenta de lo que sucede a nivel emocional y que esa decisi\u00f3n est\u00e1 completamente basada en la&nbsp;<strong>forma en la que nos sentimos y pensamos a nivel inconsciente,<\/strong>&nbsp;incluso si la elecci\u00f3n de tu look fue \u201clo primero que encontraste\u201d, claro que tambi\u00e9n influyen factores como el clima, lugar y actividades que realizas, pero <strong>cada prenda, textura y color que se encuentra dentro de tu guardarropa expresa tu propio estilo<\/strong>, personalidad, estado de \u00e1nimo, creencias y la forma en la que te comportas ante la vida \u00bfsorprendente no?<\/p>\n\n\n\n<p>Tambi\u00e9n existen las&nbsp;<strong>\u201cprendas emocionales\u201d<\/strong> que guardamos porque las asociamos a alg\u00fan recuerdo positivo y cuando las utilizamos o simplemente las observamos, revivimos esa emoci\u00f3n y experiencia tan maravillosa que nos ayuda a elevar nuestra energ\u00eda y estar en un <em>mood<\/em> m\u00e1s positivo.<\/p>\n\n\n\n<p>As\u00ed como&nbsp;<strong>la ropa env\u00eda mensajes hacia el exterior, tambi\u00e9n lo hace hacia el interior<\/strong>, ya sea de forma positiva o negativa, es por eso que cuando realizas cualquier cambio en tu look, tambi\u00e9n notar\u00e1s como cambia tu estado de \u00e1nimo y energ\u00eda, por lo que te recomiendo iniciar con peque\u00f1os cambios en tu <em>outfit <\/em>que te hagan sentir y lucir espectacular, como usar tu prenda favorita que hace mucho no te pones y que tanto te emociona usar o puedes experimentar agregando accesorios m\u00e1s llamativos que te har\u00e1n sentir \u00fanica y especial, tambi\u00e9n puedes crear nuevas combinaciones en tu look, lo cual definitivamente te har\u00e1 vivir una experiencia totalmente nueva y diferente contigo misma.<\/p>\n\n\n\n<p><strong>Siempre he cre\u00eddo que el cuidar de tu imagen es el acto de amor propio m\u00e1s grande, es el resultado de haberte conocido y honrado desde tu esencia divina<\/strong>, es un proceso que debes disfrutar y no sufrir por no tener una imagen perfecta porque eso solo causa frustraci\u00f3n, es por eso que <strong>yo uso las estrategias de imagen como una gu\u00eda y no como una imposici\u00f3n<\/strong> de una serie de reglas que solo generan estr\u00e9s y abandono de la transformaci\u00f3n.<\/p>\n\n\n\n<p><strong>Para lograr tener una imagen saludable y 0% t\u00f3xica<\/strong> (\u00a1s\u00ed! la relaci\u00f3n con tu imagen tambi\u00e9n puede ser muy t\u00f3xica) siempre debemos trabajar de adentro hacia afuera y no al contrario, porque as\u00ed he observado a lo largo de mi experiencia c\u00f3mo muchas mujeres abandonaban el proceso, motivo por el cual decid\u00ed fundar<strong> Imagen Aut\u00e9ntica<\/strong>\u00a9<strong>, en el cual trabajamos el 60% de forma interna y un 40% en estrategias de imagen<\/strong>, generando un cambio real, duradero, satisfactorio y dando a conocer una <strong>nueva forma de cuidar tu imagen<\/strong> desde el amor y tu esencia divina y no desde una necesidad de aparentar o pertenecer, como normalmente sucede y que solo genera una sensaci\u00f3n de vac\u00edo y de que nada es suficiente.<\/p>\n\n\n\n<p><strong>La imagen no se crea desde la nada sino se reconstruye en base a tu autenticidad y se cuida como resultado de tu amor propio y tu esencia divina.<\/strong><\/p>\n\n\n\n<p>Por lo que la pr\u00f3xima vez que elijas tu look, en vez de preguntarte \u00bfc\u00f3mo me veo? preg\u00fantate <strong>\u00bfc\u00f3mo me siento? \/ \u00bfcu\u00e1l es la sensaci\u00f3n que me gustar\u00eda experimentar?<\/strong> y tambi\u00e9n puedes preguntarte <strong>\u00bfqu\u00e9 me gustar\u00eda comunicar con este look?<\/strong> para as\u00ed alinearlo a tus objetivos de imagen y empezar a atraer nuevas experiencias y sensaciones positivas. Si te gust\u00f3 este art\u00edculo h\u00e1zmelo saber a trav\u00e9s de mis redes&#x1f609; donde tambi\u00e9n podr\u00e1s descargar de forma gratuita mi <strong>gu\u00eda Happy Clothes,<\/strong> en la que te cuento m\u00e1s formas de elevar tu energ\u00eda a trav\u00e9s de tu imagen.<\/p>\n\n\n\n<p>\u00a1Te mando un gran abrazo de luz y te veo en mis redes!<\/p>\n\n\n\n<p>Pau &#x2728;<\/p>\n\n\n\n<p>&#8212;&#8212;<\/p>\n\n\n\n<div class=\"wp-block-image\"><figure class=\"alignleft size-full is-resized\"><a href=\"https:\/\/yopiensoenpositivo.com\/online\/wp-content\/uploads\/2023\/01\/paumurillo.jpg\"><img fetchpriority=\"high\" decoding=\"async\" src=\"https:\/\/yopiensoenpositivo.com\/online\/wp-content\/uploads\/2023\/01\/paumurillo.jpg\" alt=\"\" class=\"wp-image-41099\" width=\"271\" height=\"271\" srcset=\"https:\/\/yopiensoenpositivo.com\/online\/wp-content\/uploads\/2023\/01\/paumurillo.jpg 600w, https:\/\/yopiensoenpositivo.com\/online\/wp-content\/uploads\/2023\/01\/paumurillo-300x300.jpg 300w, https:\/\/yopiensoenpositivo.com\/online\/wp-content\/uploads\/2023\/01\/paumurillo-150x150.jpg 150w, https:\/\/yopiensoenpositivo.com\/online\/wp-content\/uploads\/2023\/01\/paumurillo-80x80.jpg 80w, https:\/\/yopiensoenpositivo.com\/online\/wp-content\/uploads\/2023\/01\/paumurillo-100x100.jpg 100w\" sizes=\"(max-width: 271px) 100vw, 271px\" \/><\/a><\/figure><\/div>\n\n\n\n<p><\/p>\n\n\n\n<p><\/p>\n\n\n\n<p>Paulina Murillo<\/p>\n\n\n\n<p>Consultora en Imagen, Fundadora de Imagen Aut\u00e9ntica\u00a9 y creadora del M\u00e9todo Happy Colors\u00a9<\/p>\n\n\n\n<p>IG <a href=\"https:\/\/www.instagram.com\/paumurilloo\/\">@paumurilloo<\/a><\/p>\n\n\n\n<p>FB <a href=\"https:\/\/www.facebook.com\/profile.php?id=100063922905608\">Pau Murillo<\/a><\/p>\n","protected":false},"excerpt":{"rendered":"<p>D\u00eda a d\u00eda nos paramos frente al armario y hacemos una elecci\u00f3n sobre los colores y lo que creemos que es adecuado utilizar, sin darnos cuenta de lo que sucede a nivel emocional y que esa decisi\u00f3n est\u00e1 completamente basada en la&nbsp;forma en la que nos sentimos y pensamos a nivel inconsciente,&nbsp;incluso si la elecci\u00f3n [&hellip;]<\/p>\n","protected":false},"author":4,"featured_media":41102,"comment_status":"open","ping_status":"open","sticky":false,"template":"","format":"standard","meta":{"footnotes":""},"categories":[99],"tags":[116,248,246,121,133,247,134,130,155,136,157,249],"class_list":["post-41098","post","type-post","status-publish","format-standard","has-post-thumbnail","hentry","category-mensajespositivos","tag-amor","tag-amor-propio","tag-estilo","tag-felicidad","tag-mente","tag-moda","tag-pensamiento-positivo","tag-poder","tag-positividad","tag-psicologia","tag-resiliencia","tag-tendencia"],"yoast_head":"<!-- This site is optimized with the Yoast SEO plugin v27.5 - https:\/\/yoast.com\/product\/yoast-seo-wordpress\/ -->\n<title>\u00bfSab\u00edas que tu imagen es el reflejo de tu amor propio y es parte de tu cuidado energ\u00e9tico? - Pienso En Positivo<\/title>\n<meta name=\"description\" content=\"Siempre he cre\u00eddo que el cuidar de tu imagen es el acto de amor propio m\u00e1s grande, es el resultado de haberte conocido y honrado..\" \/>\n<meta name=\"robots\" content=\"index, follow, max-snippet:-1, max-image-preview:large, max-video-preview:-1\" \/>\n<link rel=\"canonical\" href=\"https:\/\/yopiensoenpositivo.com\/online\/sabias-que-tu-imagen-es-el-reflejo-de-tu-amor-propio-y-es-parte-de-tu-cuidado-energetico\/\" \/>\n<meta property=\"og:locale\" content=\"es_ES\" \/>\n<meta property=\"og:type\" content=\"article\" \/>\n<meta property=\"og:title\" content=\"\u00bfSab\u00edas que tu imagen es el reflejo de tu amor propio y es parte de tu cuidado energ\u00e9tico? - Pienso En Positivo\" \/>\n<meta property=\"og:description\" content=\"Siempre he cre\u00eddo que el cuidar de tu imagen es el acto de amor propio m\u00e1s grande, es el resultado de haberte conocido y honrado..\" \/>\n<meta property=\"og:url\" content=\"https:\/\/yopiensoenpositivo.com\/online\/sabias-que-tu-imagen-es-el-reflejo-de-tu-amor-propio-y-es-parte-de-tu-cuidado-energetico\/\" \/>\n<meta property=\"og:site_name\" content=\"Pienso En Positivo\" \/>\n<meta property=\"article:published_time\" content=\"2023-01-07T12:00:00+00:00\" \/>\n<meta property=\"og:image\" content=\"https:\/\/yopiensoenpositivo.com\/online\/wp-content\/uploads\/2023\/01\/BANNER-sabias-completo.jpg\" \/>\n\t<meta property=\"og:image:width\" content=\"1200\" \/>\n\t<meta property=\"og:image:height\" content=\"600\" \/>\n\t<meta property=\"og:image:type\" content=\"image\/jpeg\" \/>\n<meta name=\"author\" content=\"Pienso en positivo\" \/>\n<meta name=\"twitter:card\" content=\"summary_large_image\" \/>\n<meta name=\"twitter:label1\" content=\"Escrito por\" \/>\n\t<meta name=\"twitter:data1\" content=\"Pienso en positivo\" \/>\n\t<meta name=\"twitter:label2\" content=\"Tiempo de lectura\" \/>\n\t<meta name=\"twitter:data2\" content=\"4 minutos\" \/>\n<script type=\"application\/ld+json\" class=\"yoast-schema-graph\">{\"@context\":\"https:\\\/\\\/schema.org\",\"@graph\":[{\"@type\":\"Article\",\"@id\":\"https:\\\/\\\/yopiensoenpositivo.com\\\/online\\\/sabias-que-tu-imagen-es-el-reflejo-de-tu-amor-propio-y-es-parte-de-tu-cuidado-energetico\\\/#article\",\"isPartOf\":{\"@id\":\"https:\\\/\\\/yopiensoenpositivo.com\\\/online\\\/sabias-que-tu-imagen-es-el-reflejo-de-tu-amor-propio-y-es-parte-de-tu-cuidado-energetico\\\/\"},\"author\":{\"name\":\"Pienso en positivo\",\"@id\":\"https:\\\/\\\/yopiensoenpositivo.com\\\/online\\\/#\\\/schema\\\/person\\\/5b0294f44521e63e12f78f8522f15fbf\"},\"headline\":\"\u00bfSab\u00edas que tu imagen es el reflejo de tu amor propio y es parte de tu cuidado energ\u00e9tico?\",\"datePublished\":\"2023-01-07T12:00:00+00:00\",\"mainEntityOfPage\":{\"@id\":\"https:\\\/\\\/yopiensoenpositivo.com\\\/online\\\/sabias-que-tu-imagen-es-el-reflejo-de-tu-amor-propio-y-es-parte-de-tu-cuidado-energetico\\\/\"},\"wordCount\":712,\"commentCount\":0,\"image\":{\"@id\":\"https:\\\/\\\/yopiensoenpositivo.com\\\/online\\\/sabias-que-tu-imagen-es-el-reflejo-de-tu-amor-propio-y-es-parte-de-tu-cuidado-energetico\\\/#primaryimage\"},\"thumbnailUrl\":\"https:\\\/\\\/yopiensoenpositivo.com\\\/online\\\/wp-content\\\/uploads\\\/2023\\\/01\\\/BANNER-sabias-completo.jpg\",\"keywords\":[\"amor\",\"amor propio\",\"estilo\",\"felicidad\",\"mente\",\"moda\",\"pensamiento positivo\",\"poder\",\"positividad\",\"psicologia\",\"resiliencia\",\"tendencia\"],\"articleSection\":[\"Mensajes positivos\"],\"inLanguage\":\"es\",\"potentialAction\":[{\"@type\":\"CommentAction\",\"name\":\"Comment\",\"target\":[\"https:\\\/\\\/yopiensoenpositivo.com\\\/online\\\/sabias-que-tu-imagen-es-el-reflejo-de-tu-amor-propio-y-es-parte-de-tu-cuidado-energetico\\\/#respond\"]}]},{\"@type\":\"WebPage\",\"@id\":\"https:\\\/\\\/yopiensoenpositivo.com\\\/online\\\/sabias-que-tu-imagen-es-el-reflejo-de-tu-amor-propio-y-es-parte-de-tu-cuidado-energetico\\\/\",\"url\":\"https:\\\/\\\/yopiensoenpositivo.com\\\/online\\\/sabias-que-tu-imagen-es-el-reflejo-de-tu-amor-propio-y-es-parte-de-tu-cuidado-energetico\\\/\",\"name\":\"\u00bfSab\u00edas que tu imagen es el reflejo de tu amor propio y es parte de tu cuidado energ\u00e9tico? - Pienso En Positivo\",\"isPartOf\":{\"@id\":\"https:\\\/\\\/yopiensoenpositivo.com\\\/online\\\/#website\"},\"primaryImageOfPage\":{\"@id\":\"https:\\\/\\\/yopiensoenpositivo.com\\\/online\\\/sabias-que-tu-imagen-es-el-reflejo-de-tu-amor-propio-y-es-parte-de-tu-cuidado-energetico\\\/#primaryimage\"},\"image\":{\"@id\":\"https:\\\/\\\/yopiensoenpositivo.com\\\/online\\\/sabias-que-tu-imagen-es-el-reflejo-de-tu-amor-propio-y-es-parte-de-tu-cuidado-energetico\\\/#primaryimage\"},\"thumbnailUrl\":\"https:\\\/\\\/yopiensoenpositivo.com\\\/online\\\/wp-content\\\/uploads\\\/2023\\\/01\\\/BANNER-sabias-completo.jpg\",\"datePublished\":\"2023-01-07T12:00:00+00:00\",\"author\":{\"@id\":\"https:\\\/\\\/yopiensoenpositivo.com\\\/online\\\/#\\\/schema\\\/person\\\/5b0294f44521e63e12f78f8522f15fbf\"},\"description\":\"Siempre he cre\u00eddo que el cuidar de tu imagen es el acto de amor propio m\u00e1s grande, es el resultado de haberte conocido y honrado..\",\"breadcrumb\":{\"@id\":\"https:\\\/\\\/yopiensoenpositivo.com\\\/online\\\/sabias-que-tu-imagen-es-el-reflejo-de-tu-amor-propio-y-es-parte-de-tu-cuidado-energetico\\\/#breadcrumb\"},\"inLanguage\":\"es\",\"potentialAction\":[{\"@type\":\"ReadAction\",\"target\":[\"https:\\\/\\\/yopiensoenpositivo.com\\\/online\\\/sabias-que-tu-imagen-es-el-reflejo-de-tu-amor-propio-y-es-parte-de-tu-cuidado-energetico\\\/\"]}]},{\"@type\":\"ImageObject\",\"inLanguage\":\"es\",\"@id\":\"https:\\\/\\\/yopiensoenpositivo.com\\\/online\\\/sabias-que-tu-imagen-es-el-reflejo-de-tu-amor-propio-y-es-parte-de-tu-cuidado-energetico\\\/#primaryimage\",\"url\":\"https:\\\/\\\/yopiensoenpositivo.com\\\/online\\\/wp-content\\\/uploads\\\/2023\\\/01\\\/BANNER-sabias-completo.jpg\",\"contentUrl\":\"https:\\\/\\\/yopiensoenpositivo.com\\\/online\\\/wp-content\\\/uploads\\\/2023\\\/01\\\/BANNER-sabias-completo.jpg\",\"width\":1200,\"height\":600},{\"@type\":\"BreadcrumbList\",\"@id\":\"https:\\\/\\\/yopiensoenpositivo.com\\\/online\\\/sabias-que-tu-imagen-es-el-reflejo-de-tu-amor-propio-y-es-parte-de-tu-cuidado-energetico\\\/#breadcrumb\",\"itemListElement\":[{\"@type\":\"ListItem\",\"position\":1,\"name\":\"Portada\",\"item\":\"https:\\\/\\\/yopiensoenpositivo.com\\\/online\\\/\"},{\"@type\":\"ListItem\",\"position\":2,\"name\":\"\u00bfSab\u00edas que tu imagen es el reflejo de tu amor propio y es parte de tu cuidado energ\u00e9tico?\"}]},{\"@type\":\"WebSite\",\"@id\":\"https:\\\/\\\/yopiensoenpositivo.com\\\/online\\\/#website\",\"url\":\"https:\\\/\\\/yopiensoenpositivo.com\\\/online\\\/\",\"name\":\"Pienso En Positivo\",\"description\":\"Te ayudamos a vivir y pensar en positivo\",\"potentialAction\":[{\"@type\":\"SearchAction\",\"target\":{\"@type\":\"EntryPoint\",\"urlTemplate\":\"https:\\\/\\\/yopiensoenpositivo.com\\\/online\\\/?s={search_term_string}\"},\"query-input\":{\"@type\":\"PropertyValueSpecification\",\"valueRequired\":true,\"valueName\":\"search_term_string\"}}],\"inLanguage\":\"es\"},{\"@type\":\"Person\",\"@id\":\"https:\\\/\\\/yopiensoenpositivo.com\\\/online\\\/#\\\/schema\\\/person\\\/5b0294f44521e63e12f78f8522f15fbf\",\"name\":\"Pienso en positivo\",\"image\":{\"@type\":\"ImageObject\",\"inLanguage\":\"es\",\"@id\":\"https:\\\/\\\/secure.gravatar.com\\\/avatar\\\/35fff5dad79ce1b037f152f27237cc592a95d286414e06ada68902451142a1f2?s=96&d=mm&r=g\",\"url\":\"https:\\\/\\\/secure.gravatar.com\\\/avatar\\\/35fff5dad79ce1b037f152f27237cc592a95d286414e06ada68902451142a1f2?s=96&d=mm&r=g\",\"contentUrl\":\"https:\\\/\\\/secure.gravatar.com\\\/avatar\\\/35fff5dad79ce1b037f152f27237cc592a95d286414e06ada68902451142a1f2?s=96&d=mm&r=g\",\"caption\":\"Pienso en positivo\"},\"url\":\"https:\\\/\\\/yopiensoenpositivo.com\\\/online\\\/author\\\/pienso-en-positivo\\\/\"}]}<\/script>\n<!-- \/ Yoast SEO plugin. -->","yoast_head_json":{"title":"\u00bfSab\u00edas que tu imagen es el reflejo de tu amor propio y es parte de tu cuidado energ\u00e9tico? - Pienso En Positivo","description":"Siempre he cre\u00eddo que el cuidar de tu imagen es el acto de amor propio m\u00e1s grande, es el resultado de haberte conocido y honrado..","robots":{"index":"index","follow":"follow","max-snippet":"max-snippet:-1","max-image-preview":"max-image-preview:large","max-video-preview":"max-video-preview:-1"},"canonical":"https:\/\/yopiensoenpositivo.com\/online\/sabias-que-tu-imagen-es-el-reflejo-de-tu-amor-propio-y-es-parte-de-tu-cuidado-energetico\/","og_locale":"es_ES","og_type":"article","og_title":"\u00bfSab\u00edas que tu imagen es el reflejo de tu amor propio y es parte de tu cuidado energ\u00e9tico? - Pienso En Positivo","og_description":"Siempre he cre\u00eddo que el cuidar de tu imagen es el acto de amor propio m\u00e1s grande, es el resultado de haberte conocido y honrado..","og_url":"https:\/\/yopiensoenpositivo.com\/online\/sabias-que-tu-imagen-es-el-reflejo-de-tu-amor-propio-y-es-parte-de-tu-cuidado-energetico\/","og_site_name":"Pienso En Positivo","article_published_time":"2023-01-07T12:00:00+00:00","og_image":[{"width":1200,"height":600,"url":"https:\/\/yopiensoenpositivo.com\/online\/wp-content\/uploads\/2023\/01\/BANNER-sabias-completo.jpg","type":"image\/jpeg"}],"author":"Pienso en positivo","twitter_card":"summary_large_image","twitter_misc":{"Escrito por":"Pienso en positivo","Tiempo de lectura":"4 minutos"},"schema":{"@context":"https:\/\/schema.org","@graph":[{"@type":"Article","@id":"https:\/\/yopiensoenpositivo.com\/online\/sabias-que-tu-imagen-es-el-reflejo-de-tu-amor-propio-y-es-parte-de-tu-cuidado-energetico\/#article","isPartOf":{"@id":"https:\/\/yopiensoenpositivo.com\/online\/sabias-que-tu-imagen-es-el-reflejo-de-tu-amor-propio-y-es-parte-de-tu-cuidado-energetico\/"},"author":{"name":"Pienso en positivo","@id":"https:\/\/yopiensoenpositivo.com\/online\/#\/schema\/person\/5b0294f44521e63e12f78f8522f15fbf"},"headline":"\u00bfSab\u00edas que tu imagen es el reflejo de tu amor propio y es parte de tu cuidado energ\u00e9tico?","datePublished":"2023-01-07T12:00:00+00:00","mainEntityOfPage":{"@id":"https:\/\/yopiensoenpositivo.com\/online\/sabias-que-tu-imagen-es-el-reflejo-de-tu-amor-propio-y-es-parte-de-tu-cuidado-energetico\/"},"wordCount":712,"commentCount":0,"image":{"@id":"https:\/\/yopiensoenpositivo.com\/online\/sabias-que-tu-imagen-es-el-reflejo-de-tu-amor-propio-y-es-parte-de-tu-cuidado-energetico\/#primaryimage"},"thumbnailUrl":"https:\/\/yopiensoenpositivo.com\/online\/wp-content\/uploads\/2023\/01\/BANNER-sabias-completo.jpg","keywords":["amor","amor propio","estilo","felicidad","mente","moda","pensamiento positivo","poder","positividad","psicologia","resiliencia","tendencia"],"articleSection":["Mensajes positivos"],"inLanguage":"es","potentialAction":[{"@type":"CommentAction","name":"Comment","target":["https:\/\/yopiensoenpositivo.com\/online\/sabias-que-tu-imagen-es-el-reflejo-de-tu-amor-propio-y-es-parte-de-tu-cuidado-energetico\/#respond"]}]},{"@type":"WebPage","@id":"https:\/\/yopiensoenpositivo.com\/online\/sabias-que-tu-imagen-es-el-reflejo-de-tu-amor-propio-y-es-parte-de-tu-cuidado-energetico\/","url":"https:\/\/yopiensoenpositivo.com\/online\/sabias-que-tu-imagen-es-el-reflejo-de-tu-amor-propio-y-es-parte-de-tu-cuidado-energetico\/","name":"\u00bfSab\u00edas que tu imagen es el reflejo de tu amor propio y es parte de tu cuidado energ\u00e9tico? - Pienso En Positivo","isPartOf":{"@id":"https:\/\/yopiensoenpositivo.com\/online\/#website"},"primaryImageOfPage":{"@id":"https:\/\/yopiensoenpositivo.com\/online\/sabias-que-tu-imagen-es-el-reflejo-de-tu-amor-propio-y-es-parte-de-tu-cuidado-energetico\/#primaryimage"},"image":{"@id":"https:\/\/yopiensoenpositivo.com\/online\/sabias-que-tu-imagen-es-el-reflejo-de-tu-amor-propio-y-es-parte-de-tu-cuidado-energetico\/#primaryimage"},"thumbnailUrl":"https:\/\/yopiensoenpositivo.com\/online\/wp-content\/uploads\/2023\/01\/BANNER-sabias-completo.jpg","datePublished":"2023-01-07T12:00:00+00:00","author":{"@id":"https:\/\/yopiensoenpositivo.com\/online\/#\/schema\/person\/5b0294f44521e63e12f78f8522f15fbf"},"description":"Siempre he cre\u00eddo que el cuidar de tu imagen es el acto de amor propio m\u00e1s grande, es el resultado de haberte conocido y honrado..","breadcrumb":{"@id":"https:\/\/yopiensoenpositivo.com\/online\/sabias-que-tu-imagen-es-el-reflejo-de-tu-amor-propio-y-es-parte-de-tu-cuidado-energetico\/#breadcrumb"},"inLanguage":"es","potentialAction":[{"@type":"ReadAction","target":["https:\/\/yopiensoenpositivo.com\/online\/sabias-que-tu-imagen-es-el-reflejo-de-tu-amor-propio-y-es-parte-de-tu-cuidado-energetico\/"]}]},{"@type":"ImageObject","inLanguage":"es","@id":"https:\/\/yopiensoenpositivo.com\/online\/sabias-que-tu-imagen-es-el-reflejo-de-tu-amor-propio-y-es-parte-de-tu-cuidado-energetico\/#primaryimage","url":"https:\/\/yopiensoenpositivo.com\/online\/wp-content\/uploads\/2023\/01\/BANNER-sabias-completo.jpg","contentUrl":"https:\/\/yopiensoenpositivo.com\/online\/wp-content\/uploads\/2023\/01\/BANNER-sabias-completo.jpg","width":1200,"height":600},{"@type":"BreadcrumbList","@id":"https:\/\/yopiensoenpositivo.com\/online\/sabias-que-tu-imagen-es-el-reflejo-de-tu-amor-propio-y-es-parte-de-tu-cuidado-energetico\/#breadcrumb","itemListElement":[{"@type":"ListItem","position":1,"name":"Portada","item":"https:\/\/yopiensoenpositivo.com\/online\/"},{"@type":"ListItem","position":2,"name":"\u00bfSab\u00edas que tu imagen es el reflejo de tu amor propio y es parte de tu cuidado energ\u00e9tico?"}]},{"@type":"WebSite","@id":"https:\/\/yopiensoenpositivo.com\/online\/#website","url":"https:\/\/yopiensoenpositivo.com\/online\/","name":"Pienso En Positivo","description":"Te ayudamos a vivir y pensar en positivo","potentialAction":[{"@type":"SearchAction","target":{"@type":"EntryPoint","urlTemplate":"https:\/\/yopiensoenpositivo.com\/online\/?s={search_term_string}"},"query-input":{"@type":"PropertyValueSpecification","valueRequired":true,"valueName":"search_term_string"}}],"inLanguage":"es"},{"@type":"Person","@id":"https:\/\/yopiensoenpositivo.com\/online\/#\/schema\/person\/5b0294f44521e63e12f78f8522f15fbf","name":"Pienso en positivo","image":{"@type":"ImageObject","inLanguage":"es","@id":"https:\/\/secure.gravatar.com\/avatar\/35fff5dad79ce1b037f152f27237cc592a95d286414e06ada68902451142a1f2?s=96&d=mm&r=g","url":"https:\/\/secure.gravatar.com\/avatar\/35fff5dad79ce1b037f152f27237cc592a95d286414e06ada68902451142a1f2?s=96&d=mm&r=g","contentUrl":"https:\/\/secure.gravatar.com\/avatar\/35fff5dad79ce1b037f152f27237cc592a95d286414e06ada68902451142a1f2?s=96&d=mm&r=g","caption":"Pienso en positivo"},"url":"https:\/\/yopiensoenpositivo.com\/online\/author\/pienso-en-positivo\/"}]}},"post_mailing_queue_ids":[],"_links":{"self":[{"href":"https:\/\/yopiensoenpositivo.com\/online\/wp-json\/wp\/v2\/posts\/41098","targetHints":{"allow":["GET"]}}],"collection":[{"href":"https:\/\/yopiensoenpositivo.com\/online\/wp-json\/wp\/v2\/posts"}],"about":[{"href":"https:\/\/yopiensoenpositivo.com\/online\/wp-json\/wp\/v2\/types\/post"}],"author":[{"embeddable":true,"href":"https:\/\/yopiensoenpositivo.com\/online\/wp-json\/wp\/v2\/users\/4"}],"replies":[{"embeddable":true,"href":"https:\/\/yopiensoenpositivo.com\/online\/wp-json\/wp\/v2\/comments?post=41098"}],"version-history":[{"count":1,"href":"https:\/\/yopiensoenpositivo.com\/online\/wp-json\/wp\/v2\/posts\/41098\/revisions"}],"predecessor-version":[{"id":41103,"href":"https:\/\/yopiensoenpositivo.com\/online\/wp-json\/wp\/v2\/posts\/41098\/revisions\/41103"}],"wp:featuredmedia":[{"embeddable":true,"href":"https:\/\/yopiensoenpositivo.com\/online\/wp-json\/wp\/v2\/media\/41102"}],"wp:attachment":[{"href":"https:\/\/yopiensoenpositivo.com\/online\/wp-json\/wp\/v2\/media?parent=41098"}],"wp:term":[{"taxonomy":"category","embeddable":true,"href":"https:\/\/yopiensoenpositivo.com\/online\/wp-json\/wp\/v2\/categories?post=41098"},{"taxonomy":"post_tag","embeddable":true,"href":"https:\/\/yopiensoenpositivo.com\/online\/wp-json\/wp\/v2\/tags?post=41098"}],"curies":[{"name":"wp","href":"https:\/\/api.w.org\/{rel}","templated":true}]}}