{"id":40712,"date":"2022-12-10T08:30:00","date_gmt":"2022-12-10T12:30:00","guid":{"rendered":"https:\/\/yopiensoenpositivo.com\/online\/?p=40712"},"modified":"2022-12-10T09:47:21","modified_gmt":"2022-12-10T13:47:21","slug":"define-correctamente-tus-decretos-para-el-2023","status":"publish","type":"post","link":"https:\/\/yopiensoenpositivo.com\/online\/define-correctamente-tus-decretos-para-el-2023\/","title":{"rendered":"Define correctamente tus decretos para el 2023"},"content":{"rendered":"\n<p>Se acaba el a\u00f1o y ya estamos enfocados en lo que queremos lograr el 2023. Aunque primero debi\u00e9semos evaluar si lo que decretamos para el 2022 se cumpli\u00f3 en su totalidad, pues tal vez el problema es que el m\u00e9todo que estamos utilizando para decretar no ha sido el correcto.<\/p>\n\n\n\n<p>Con amor quiero compartirte contenido exclusivo de mi Programa para que puedas al menos iniciar bien el paso a paso para decretar, el cual es definir correctamente tu objetivo. \u00bfPor qu\u00e9 seguir mis consejos? Porque he decretado y logrado todos mis sue\u00f1os con la ayuda del Universo por m\u00e1s de 28 a\u00f1os. Son tantas las variables a considerar que hoy me dedico a ense\u00f1arlo para que m\u00e1s personas puedan crear y gozar su vida so\u00f1ada.<\/p>\n\n\n\n<p>Antes de definir tu objetivo, por favor considera lo siguiente:<\/p>\n\n\n\n<ol class=\"wp-block-list\" type=\"1\"><li><strong>Debes decretar algo que t\u00fa quieras lograr, sin afectar el libre albedr\u00edo de otros. No puedes interferir en el aprendizaje, ni perturbar la voluntad de otra persona.<\/strong><\/li><\/ol>\n\n\n\n<p>Algo que me suelen preguntar ac\u00e1: \u00bfEs posible decretar novios? \u00a1S\u00ed! Pero lo debes hacer sin nombres ni apellidos. Se hace escribiendo las cualidades de la persona con quien quieres estar y como se sentir\u00e1n juntos. Al visualizarte feliz con esa persona, no le puedes poner cara ni nombre.<\/p>\n\n\n\n<ol class=\"wp-block-list\" type=\"1\" start=\"2\"><li><strong>Si el decreto va en contra de la elecci\u00f3n que hizo tu alma antes de reencarnarse, va a prevalecer el libre albedr\u00edo de tu alma. Por ende, tendr\u00e1s que vivir la experiencia. No te enojes, al contrario, aprende lo que has venido a aprender de esa experiencia.<\/strong><\/li><\/ol>\n\n\n\n<p>De acuerdo con la Ley de la Correspondencia, el Universo te ayudar\u00e1 con tus decretos siempre y cuando vayan alineados a lo que te corresponde vivir para tu aprendizaje.<\/p>\n\n\n\n<p>Para seguir con el ejemplo de decretar un novio. Puedes escribir todas las caracter\u00edsticas que quieras, el Universo te ayudar\u00e1 a encontrarlo, sin embargo, si no llega ese personaje con todo lo que pediste, no es que el Universo se haya equivocado o que no exista el hombre con todas esas cualidades. Lo que sucede es que a\u00fan no est\u00e1s preparado para esa cualidad en particular. Por ejemplo, si pides un hombre con X caracter\u00edsticas, entre esas, que sea millonario, pero a ti a\u00fan no te corresponde estar con alguien millonario, no importa cuantas veces hagas la lista y decretes\u2026 esa cualidad no la tendr\u00e1.<\/p>\n\n\n\n<p>O si est\u00e1s cansada de que tus novios anteriores te han maltratado o te han sido infiel, pero a\u00fan no has aprendido lo que esa situaci\u00f3n te viene a ense\u00f1ar, seguir\u00e1s atrayendo a ese tipo de hombre. Pues a\u00fan no te corresponde estar con alguien que te sea fiel. El Universo es perfecto tal cual es, por lo que su prioridad es que cumplas tu aprendizaje, el que tu Alma con su libre albedr\u00edo se propuso.<\/p>\n\n\n\n<ol class=\"wp-block-list\" type=\"1\" start=\"3\"><li><strong>Debes comportarte y actuar acorde al objetivo que has elegido cumplir.<\/strong><\/li><\/ol>\n\n\n\n<p>El Universo reacciona a la acci\u00f3n. Por lo tanto, si decretas algo, pero no act\u00faas para avanzar hacia \u00e9l, el Universo, te ver\u00e1 haciendo lo que haces y entender\u00e1 que eso es lo que te gusta, por ende, no va a trabajar en la obtenci\u00f3n de tu objetivo.<\/p>\n\n\n\n<p>Un ejemplo simple: Decretas que quieres ganar 1 mill\u00f3n de d\u00f3lares, pero tus acciones son comportarte como Homero Simpson, es decir, estar gran parte del d\u00eda viendo televisi\u00f3n, bebiendo cerveza y comiendo. Trabajando lo justo, no aportando m\u00e1s valor a las personas.<\/p>\n\n\n\n<p>\u00bfQu\u00e9 va a pasar? El Universo dar\u00e1 por entendido que tu decreto no va en serio, entonces se ir\u00e1 a ayudar a otros, a quienes s\u00ed act\u00faan para lograr su objetivo. \u00a1El decreto siempre debe ir acompa\u00f1ado de la acci\u00f3n!<\/p>\n\n\n\n<p>Considerando esos tres puntos, puedes comenzar a definir tu primer decreto. Debe ser un objetivo \u00fanico y claro. Debes desearlo con todo tu cuerpo, mente y alma. Ya que, de lo contrario, no ser\u00e1 lo suficientemente fuerte como para lograrlo.<\/p>\n\n\n\n<p>\u00bfPor qu\u00e9? Simple, la vida te pondr\u00e1 a prueba, tendr\u00e1s dificultades para lograr ese objetivo y es por esto, que tu meta debe ser poderosa, que pase lo que pase, seguir\u00e1s adelante hasta lograrla.<\/p>\n\n\n\n<p>S\u00e9 honesto contigo mismo, define el objetivo que realmente quieres lograr, sin miedo, no disminuyas la meta porque es dif\u00edcil de lograr, o por miedo a no lograrlo. Tampoco pienses en el <em>c\u00f3mo vas a lograrlo<\/em>, eso viene m\u00e1s adelante.<\/p>\n\n\n\n<p>En este primer paso: Definir tu objetivo, s\u00f3lo piensa en lo que realmente quieres lograr. Define un objetivo concreto, tangible, exacto, espec\u00edfico. No sirve: Quiero ganar m\u00e1s dinero, debes especificar la cantidad.<\/p>\n\n\n\n<p><strong>Una vez que describas espec\u00edficamente lo que quieres lograr, te aseguras de que sea lo que realmente quieres. Para eso, te recomiendo responder con sinceridad las siguientes preguntas por escrito:<\/strong><\/p>\n\n\n\n<p>a. \u00bfQu\u00e9 es lo que espec\u00edficamente quiero lograr?<\/p>\n\n\n\n<p>b. \u00bfCu\u00e1nto realmente lo deseo en una escala del 1 al 10?<\/p>\n\n\n\n<p>c. \u00bfEstoy dispuesto a sufrir los obst\u00e1culos para lograrlo? \u00bfEstoy dispuesto a superar esos obst\u00e1culos?<\/p>\n\n\n\n<p>d. \u00bfQu\u00e9 es lo que me motiva a lograrlo? Ojal\u00e1 la motivaci\u00f3n incluya a varias personas, ya que, si la motivaci\u00f3n es personal, es m\u00e1s f\u00e1cil abandonar la meta. Cuando buscas entregar valor a muchas personas no las puedes desilusionar, esto aumenta la motivaci\u00f3n a lograrlo.<\/p>\n\n\n\n<p>e. \u00bfPara qu\u00e9 lo quiero lograr?<\/p>\n\n\n\n<p>f. \u00bfC\u00f3mo va a cambiar mi vida una vez que lo logre?&nbsp; Esta respuesta y la siguiente te ayudar\u00e1n al momento de visualizar.<\/p>\n\n\n\n<p>g. \u00bfQu\u00e9 quiero sentir al conseguir mi objetivo?<\/p>\n\n\n\n<p>h. \u00bfEn qu\u00e9 % me comprometo con mi objetivo?<\/p>\n\n\n\n<p>i. \u00bfCu\u00e1l es el plazo para lograrlo?<\/p>\n\n\n\n<p>j. \u00bfC\u00f3mo voy a medir mi \u00e9xito?<\/p>\n\n\n\n<p>Estas preguntas te ayudar\u00e1n a estar seguro de que ese es el objetivo que quieres lograr, o tal vez debas ajustarlo.<\/p>\n\n\n\n<p>Comprom\u00e9tete con lo que deseas lograr y el poder de la intenci\u00f3n activar\u00e1 al Universo para ayudarte a conseguir lo que anhelas. A lo largo de todo el proceso debes confiar en el Universo, mantener tu Fe, sentirte capaz y merecedor de lo que has decretado, fortalecer tu mentalidad de abundancia, mantener la motivaci\u00f3n y el entusiasmo a diario, trabajar con compromiso y constancia en la obtenci\u00f3n de lo que has decretado.<\/p>\n\n\n\n<div class=\"wp-block-image\"><figure class=\"alignleft size-full is-resized\"><a href=\"https:\/\/www.instagram.com\/vibraenabundancia\/\"><img fetchpriority=\"high\" decoding=\"async\" src=\"https:\/\/yopiensoenpositivo.com\/online\/wp-content\/uploads\/2022\/12\/vibraenabundacia-avatar.jpg\" alt=\"\" class=\"wp-image-40714\" width=\"244\" height=\"244\" srcset=\"https:\/\/yopiensoenpositivo.com\/online\/wp-content\/uploads\/2022\/12\/vibraenabundacia-avatar.jpg 800w, https:\/\/yopiensoenpositivo.com\/online\/wp-content\/uploads\/2022\/12\/vibraenabundacia-avatar-300x300.jpg 300w, https:\/\/yopiensoenpositivo.com\/online\/wp-content\/uploads\/2022\/12\/vibraenabundacia-avatar-150x150.jpg 150w, https:\/\/yopiensoenpositivo.com\/online\/wp-content\/uploads\/2022\/12\/vibraenabundacia-avatar-768x768.jpg 768w, https:\/\/yopiensoenpositivo.com\/online\/wp-content\/uploads\/2022\/12\/vibraenabundacia-avatar-80x80.jpg 80w, https:\/\/yopiensoenpositivo.com\/online\/wp-content\/uploads\/2022\/12\/vibraenabundacia-avatar-600x600.jpg 600w, https:\/\/yopiensoenpositivo.com\/online\/wp-content\/uploads\/2022\/12\/vibraenabundacia-avatar-100x100.jpg 100w\" sizes=\"(max-width: 244px) 100vw, 244px\" \/><\/a><\/figure><\/div>\n\n\n\n<p><\/p>\n\n\n\n<p><\/p>\n\n\n\n<p>Escrito por Paola Schiaffino, Mentor de Abundancia, Ingeniero Comercial, Facilitadora de Terapia de Respuesta Espiritual.<\/p>\n\n\n\n<p>Te ayudo a eliminar tus bloqueos con la abundancia para ser capaz de manifestar tu vida con el m\u00e9todo E.D.A. <br><br>S\u00edgueme en mi IG\u00a0<a href=\"https:\/\/www.instagram.com\/vibraenabundancia\/\">@vibraenabundancia<\/a> para m\u00e1s contenido de valor.<\/p>\n","protected":false},"excerpt":{"rendered":"<p>Se acaba el a\u00f1o y ya estamos enfocados en lo que queremos lograr el 2023. Aunque primero debi\u00e9semos evaluar si lo que decretamos para el 2022 se cumpli\u00f3 en su totalidad, pues tal vez el problema es que el m\u00e9todo que estamos utilizando para decretar no ha sido el correcto. Con amor quiero compartirte contenido [&hellip;]<\/p>\n","protected":false},"author":4,"featured_media":40717,"comment_status":"open","ping_status":"open","sticky":false,"template":"","format":"standard","meta":{"footnotes":""},"categories":[99],"tags":[243,110,121,133,134,155,245,136,157,238,224],"class_list":["post-40712","post","type-post","status-publish","format-standard","has-post-thumbnail","hentry","category-mensajespositivos","tag-243","tag-anonuevo","tag-felicidad","tag-mente","tag-pensamiento-positivo","tag-positividad","tag-propositos","tag-psicologia","tag-resiliencia","tag-valores","tag-vida"],"yoast_head":"<!-- This site is optimized with the Yoast SEO plugin v27.5 - https:\/\/yoast.com\/product\/yoast-seo-wordpress\/ -->\n<title>Define correctamente tus decretos para el 2023 - Pienso En Positivo<\/title>\n<meta name=\"description\" content=\"Se acaba el a\u00f1o y ya estamos enfocados en lo que queremos lograr el 2023. Aunque primero debi\u00e9semos evaluar si lo que decretamos para el 2023\" \/>\n<meta name=\"robots\" content=\"index, follow, max-snippet:-1, max-image-preview:large, max-video-preview:-1\" \/>\n<link rel=\"canonical\" href=\"https:\/\/yopiensoenpositivo.com\/online\/define-correctamente-tus-decretos-para-el-2023\/\" \/>\n<meta property=\"og:locale\" content=\"es_ES\" \/>\n<meta property=\"og:type\" content=\"article\" \/>\n<meta property=\"og:title\" content=\"Define correctamente tus decretos para el 2023 - Pienso En Positivo\" \/>\n<meta property=\"og:description\" content=\"Se acaba el a\u00f1o y ya estamos enfocados en lo que queremos lograr el 2023. Aunque primero debi\u00e9semos evaluar si lo que decretamos para el 2023\" \/>\n<meta property=\"og:url\" content=\"https:\/\/yopiensoenpositivo.com\/online\/define-correctamente-tus-decretos-para-el-2023\/\" \/>\n<meta property=\"og:site_name\" content=\"Pienso En Positivo\" \/>\n<meta property=\"article:published_time\" content=\"2022-12-10T12:30:00+00:00\" \/>\n<meta property=\"article:modified_time\" content=\"2022-12-10T13:47:21+00:00\" \/>\n<meta property=\"og:image\" content=\"https:\/\/yopiensoenpositivo.com\/online\/wp-content\/uploads\/2022\/12\/portada-vibra.jpg\" \/>\n\t<meta property=\"og:image:width\" content=\"1200\" \/>\n\t<meta property=\"og:image:height\" content=\"600\" \/>\n\t<meta property=\"og:image:type\" content=\"image\/jpeg\" \/>\n<meta name=\"author\" content=\"Pienso en positivo\" \/>\n<meta name=\"twitter:card\" content=\"summary_large_image\" \/>\n<meta name=\"twitter:label1\" content=\"Escrito por\" \/>\n\t<meta name=\"twitter:data1\" content=\"Pienso en positivo\" \/>\n\t<meta name=\"twitter:label2\" content=\"Tiempo de lectura\" \/>\n\t<meta name=\"twitter:data2\" content=\"6 minutos\" \/>\n<script type=\"application\/ld+json\" class=\"yoast-schema-graph\">{\"@context\":\"https:\\\/\\\/schema.org\",\"@graph\":[{\"@type\":\"Article\",\"@id\":\"https:\\\/\\\/yopiensoenpositivo.com\\\/online\\\/define-correctamente-tus-decretos-para-el-2023\\\/#article\",\"isPartOf\":{\"@id\":\"https:\\\/\\\/yopiensoenpositivo.com\\\/online\\\/define-correctamente-tus-decretos-para-el-2023\\\/\"},\"author\":{\"name\":\"Pienso en positivo\",\"@id\":\"https:\\\/\\\/yopiensoenpositivo.com\\\/online\\\/#\\\/schema\\\/person\\\/5b0294f44521e63e12f78f8522f15fbf\"},\"headline\":\"Define correctamente tus decretos para el 2023\",\"datePublished\":\"2022-12-10T12:30:00+00:00\",\"dateModified\":\"2022-12-10T13:47:21+00:00\",\"mainEntityOfPage\":{\"@id\":\"https:\\\/\\\/yopiensoenpositivo.com\\\/online\\\/define-correctamente-tus-decretos-para-el-2023\\\/\"},\"wordCount\":1133,\"commentCount\":0,\"image\":{\"@id\":\"https:\\\/\\\/yopiensoenpositivo.com\\\/online\\\/define-correctamente-tus-decretos-para-el-2023\\\/#primaryimage\"},\"thumbnailUrl\":\"https:\\\/\\\/yopiensoenpositivo.com\\\/online\\\/wp-content\\\/uploads\\\/2022\\\/12\\\/portada-vibra.jpg\",\"keywords\":[\"2023\",\"a\u00f1onuevo\",\"felicidad\",\"mente\",\"pensamiento positivo\",\"positividad\",\"propositos\",\"psicologia\",\"resiliencia\",\"valores\",\"vida\"],\"articleSection\":[\"Mensajes positivos\"],\"inLanguage\":\"es\",\"potentialAction\":[{\"@type\":\"CommentAction\",\"name\":\"Comment\",\"target\":[\"https:\\\/\\\/yopiensoenpositivo.com\\\/online\\\/define-correctamente-tus-decretos-para-el-2023\\\/#respond\"]}]},{\"@type\":\"WebPage\",\"@id\":\"https:\\\/\\\/yopiensoenpositivo.com\\\/online\\\/define-correctamente-tus-decretos-para-el-2023\\\/\",\"url\":\"https:\\\/\\\/yopiensoenpositivo.com\\\/online\\\/define-correctamente-tus-decretos-para-el-2023\\\/\",\"name\":\"Define correctamente tus decretos para el 2023 - Pienso En Positivo\",\"isPartOf\":{\"@id\":\"https:\\\/\\\/yopiensoenpositivo.com\\\/online\\\/#website\"},\"primaryImageOfPage\":{\"@id\":\"https:\\\/\\\/yopiensoenpositivo.com\\\/online\\\/define-correctamente-tus-decretos-para-el-2023\\\/#primaryimage\"},\"image\":{\"@id\":\"https:\\\/\\\/yopiensoenpositivo.com\\\/online\\\/define-correctamente-tus-decretos-para-el-2023\\\/#primaryimage\"},\"thumbnailUrl\":\"https:\\\/\\\/yopiensoenpositivo.com\\\/online\\\/wp-content\\\/uploads\\\/2022\\\/12\\\/portada-vibra.jpg\",\"datePublished\":\"2022-12-10T12:30:00+00:00\",\"dateModified\":\"2022-12-10T13:47:21+00:00\",\"author\":{\"@id\":\"https:\\\/\\\/yopiensoenpositivo.com\\\/online\\\/#\\\/schema\\\/person\\\/5b0294f44521e63e12f78f8522f15fbf\"},\"description\":\"Se acaba el a\u00f1o y ya estamos enfocados en lo que queremos lograr el 2023. Aunque primero debi\u00e9semos evaluar si lo que decretamos para el 2023\",\"breadcrumb\":{\"@id\":\"https:\\\/\\\/yopiensoenpositivo.com\\\/online\\\/define-correctamente-tus-decretos-para-el-2023\\\/#breadcrumb\"},\"inLanguage\":\"es\",\"potentialAction\":[{\"@type\":\"ReadAction\",\"target\":[\"https:\\\/\\\/yopiensoenpositivo.com\\\/online\\\/define-correctamente-tus-decretos-para-el-2023\\\/\"]}]},{\"@type\":\"ImageObject\",\"inLanguage\":\"es\",\"@id\":\"https:\\\/\\\/yopiensoenpositivo.com\\\/online\\\/define-correctamente-tus-decretos-para-el-2023\\\/#primaryimage\",\"url\":\"https:\\\/\\\/yopiensoenpositivo.com\\\/online\\\/wp-content\\\/uploads\\\/2022\\\/12\\\/portada-vibra.jpg\",\"contentUrl\":\"https:\\\/\\\/yopiensoenpositivo.com\\\/online\\\/wp-content\\\/uploads\\\/2022\\\/12\\\/portada-vibra.jpg\",\"width\":1200,\"height\":600},{\"@type\":\"BreadcrumbList\",\"@id\":\"https:\\\/\\\/yopiensoenpositivo.com\\\/online\\\/define-correctamente-tus-decretos-para-el-2023\\\/#breadcrumb\",\"itemListElement\":[{\"@type\":\"ListItem\",\"position\":1,\"name\":\"Portada\",\"item\":\"https:\\\/\\\/yopiensoenpositivo.com\\\/online\\\/\"},{\"@type\":\"ListItem\",\"position\":2,\"name\":\"Define correctamente tus decretos para el 2023\"}]},{\"@type\":\"WebSite\",\"@id\":\"https:\\\/\\\/yopiensoenpositivo.com\\\/online\\\/#website\",\"url\":\"https:\\\/\\\/yopiensoenpositivo.com\\\/online\\\/\",\"name\":\"Pienso En Positivo\",\"description\":\"Te ayudamos a vivir y pensar en positivo\",\"potentialAction\":[{\"@type\":\"SearchAction\",\"target\":{\"@type\":\"EntryPoint\",\"urlTemplate\":\"https:\\\/\\\/yopiensoenpositivo.com\\\/online\\\/?s={search_term_string}\"},\"query-input\":{\"@type\":\"PropertyValueSpecification\",\"valueRequired\":true,\"valueName\":\"search_term_string\"}}],\"inLanguage\":\"es\"},{\"@type\":\"Person\",\"@id\":\"https:\\\/\\\/yopiensoenpositivo.com\\\/online\\\/#\\\/schema\\\/person\\\/5b0294f44521e63e12f78f8522f15fbf\",\"name\":\"Pienso en positivo\",\"image\":{\"@type\":\"ImageObject\",\"inLanguage\":\"es\",\"@id\":\"https:\\\/\\\/secure.gravatar.com\\\/avatar\\\/35fff5dad79ce1b037f152f27237cc592a95d286414e06ada68902451142a1f2?s=96&d=mm&r=g\",\"url\":\"https:\\\/\\\/secure.gravatar.com\\\/avatar\\\/35fff5dad79ce1b037f152f27237cc592a95d286414e06ada68902451142a1f2?s=96&d=mm&r=g\",\"contentUrl\":\"https:\\\/\\\/secure.gravatar.com\\\/avatar\\\/35fff5dad79ce1b037f152f27237cc592a95d286414e06ada68902451142a1f2?s=96&d=mm&r=g\",\"caption\":\"Pienso en positivo\"},\"url\":\"https:\\\/\\\/yopiensoenpositivo.com\\\/online\\\/author\\\/pienso-en-positivo\\\/\"}]}<\/script>\n<!-- \/ Yoast SEO plugin. -->","yoast_head_json":{"title":"Define correctamente tus decretos para el 2023 - Pienso En Positivo","description":"Se acaba el a\u00f1o y ya estamos enfocados en lo que queremos lograr el 2023. Aunque primero debi\u00e9semos evaluar si lo que decretamos para el 2023","robots":{"index":"index","follow":"follow","max-snippet":"max-snippet:-1","max-image-preview":"max-image-preview:large","max-video-preview":"max-video-preview:-1"},"canonical":"https:\/\/yopiensoenpositivo.com\/online\/define-correctamente-tus-decretos-para-el-2023\/","og_locale":"es_ES","og_type":"article","og_title":"Define correctamente tus decretos para el 2023 - Pienso En Positivo","og_description":"Se acaba el a\u00f1o y ya estamos enfocados en lo que queremos lograr el 2023. Aunque primero debi\u00e9semos evaluar si lo que decretamos para el 2023","og_url":"https:\/\/yopiensoenpositivo.com\/online\/define-correctamente-tus-decretos-para-el-2023\/","og_site_name":"Pienso En Positivo","article_published_time":"2022-12-10T12:30:00+00:00","article_modified_time":"2022-12-10T13:47:21+00:00","og_image":[{"width":1200,"height":600,"url":"https:\/\/yopiensoenpositivo.com\/online\/wp-content\/uploads\/2022\/12\/portada-vibra.jpg","type":"image\/jpeg"}],"author":"Pienso en positivo","twitter_card":"summary_large_image","twitter_misc":{"Escrito por":"Pienso en positivo","Tiempo de lectura":"6 minutos"},"schema":{"@context":"https:\/\/schema.org","@graph":[{"@type":"Article","@id":"https:\/\/yopiensoenpositivo.com\/online\/define-correctamente-tus-decretos-para-el-2023\/#article","isPartOf":{"@id":"https:\/\/yopiensoenpositivo.com\/online\/define-correctamente-tus-decretos-para-el-2023\/"},"author":{"name":"Pienso en positivo","@id":"https:\/\/yopiensoenpositivo.com\/online\/#\/schema\/person\/5b0294f44521e63e12f78f8522f15fbf"},"headline":"Define correctamente tus decretos para el 2023","datePublished":"2022-12-10T12:30:00+00:00","dateModified":"2022-12-10T13:47:21+00:00","mainEntityOfPage":{"@id":"https:\/\/yopiensoenpositivo.com\/online\/define-correctamente-tus-decretos-para-el-2023\/"},"wordCount":1133,"commentCount":0,"image":{"@id":"https:\/\/yopiensoenpositivo.com\/online\/define-correctamente-tus-decretos-para-el-2023\/#primaryimage"},"thumbnailUrl":"https:\/\/yopiensoenpositivo.com\/online\/wp-content\/uploads\/2022\/12\/portada-vibra.jpg","keywords":["2023","a\u00f1onuevo","felicidad","mente","pensamiento positivo","positividad","propositos","psicologia","resiliencia","valores","vida"],"articleSection":["Mensajes positivos"],"inLanguage":"es","potentialAction":[{"@type":"CommentAction","name":"Comment","target":["https:\/\/yopiensoenpositivo.com\/online\/define-correctamente-tus-decretos-para-el-2023\/#respond"]}]},{"@type":"WebPage","@id":"https:\/\/yopiensoenpositivo.com\/online\/define-correctamente-tus-decretos-para-el-2023\/","url":"https:\/\/yopiensoenpositivo.com\/online\/define-correctamente-tus-decretos-para-el-2023\/","name":"Define correctamente tus decretos para el 2023 - Pienso En Positivo","isPartOf":{"@id":"https:\/\/yopiensoenpositivo.com\/online\/#website"},"primaryImageOfPage":{"@id":"https:\/\/yopiensoenpositivo.com\/online\/define-correctamente-tus-decretos-para-el-2023\/#primaryimage"},"image":{"@id":"https:\/\/yopiensoenpositivo.com\/online\/define-correctamente-tus-decretos-para-el-2023\/#primaryimage"},"thumbnailUrl":"https:\/\/yopiensoenpositivo.com\/online\/wp-content\/uploads\/2022\/12\/portada-vibra.jpg","datePublished":"2022-12-10T12:30:00+00:00","dateModified":"2022-12-10T13:47:21+00:00","author":{"@id":"https:\/\/yopiensoenpositivo.com\/online\/#\/schema\/person\/5b0294f44521e63e12f78f8522f15fbf"},"description":"Se acaba el a\u00f1o y ya estamos enfocados en lo que queremos lograr el 2023. Aunque primero debi\u00e9semos evaluar si lo que decretamos para el 2023","breadcrumb":{"@id":"https:\/\/yopiensoenpositivo.com\/online\/define-correctamente-tus-decretos-para-el-2023\/#breadcrumb"},"inLanguage":"es","potentialAction":[{"@type":"ReadAction","target":["https:\/\/yopiensoenpositivo.com\/online\/define-correctamente-tus-decretos-para-el-2023\/"]}]},{"@type":"ImageObject","inLanguage":"es","@id":"https:\/\/yopiensoenpositivo.com\/online\/define-correctamente-tus-decretos-para-el-2023\/#primaryimage","url":"https:\/\/yopiensoenpositivo.com\/online\/wp-content\/uploads\/2022\/12\/portada-vibra.jpg","contentUrl":"https:\/\/yopiensoenpositivo.com\/online\/wp-content\/uploads\/2022\/12\/portada-vibra.jpg","width":1200,"height":600},{"@type":"BreadcrumbList","@id":"https:\/\/yopiensoenpositivo.com\/online\/define-correctamente-tus-decretos-para-el-2023\/#breadcrumb","itemListElement":[{"@type":"ListItem","position":1,"name":"Portada","item":"https:\/\/yopiensoenpositivo.com\/online\/"},{"@type":"ListItem","position":2,"name":"Define correctamente tus decretos para el 2023"}]},{"@type":"WebSite","@id":"https:\/\/yopiensoenpositivo.com\/online\/#website","url":"https:\/\/yopiensoenpositivo.com\/online\/","name":"Pienso En Positivo","description":"Te ayudamos a vivir y pensar en positivo","potentialAction":[{"@type":"SearchAction","target":{"@type":"EntryPoint","urlTemplate":"https:\/\/yopiensoenpositivo.com\/online\/?s={search_term_string}"},"query-input":{"@type":"PropertyValueSpecification","valueRequired":true,"valueName":"search_term_string"}}],"inLanguage":"es"},{"@type":"Person","@id":"https:\/\/yopiensoenpositivo.com\/online\/#\/schema\/person\/5b0294f44521e63e12f78f8522f15fbf","name":"Pienso en positivo","image":{"@type":"ImageObject","inLanguage":"es","@id":"https:\/\/secure.gravatar.com\/avatar\/35fff5dad79ce1b037f152f27237cc592a95d286414e06ada68902451142a1f2?s=96&d=mm&r=g","url":"https:\/\/secure.gravatar.com\/avatar\/35fff5dad79ce1b037f152f27237cc592a95d286414e06ada68902451142a1f2?s=96&d=mm&r=g","contentUrl":"https:\/\/secure.gravatar.com\/avatar\/35fff5dad79ce1b037f152f27237cc592a95d286414e06ada68902451142a1f2?s=96&d=mm&r=g","caption":"Pienso en positivo"},"url":"https:\/\/yopiensoenpositivo.com\/online\/author\/pienso-en-positivo\/"}]}},"post_mailing_queue_ids":[],"_links":{"self":[{"href":"https:\/\/yopiensoenpositivo.com\/online\/wp-json\/wp\/v2\/posts\/40712","targetHints":{"allow":["GET"]}}],"collection":[{"href":"https:\/\/yopiensoenpositivo.com\/online\/wp-json\/wp\/v2\/posts"}],"about":[{"href":"https:\/\/yopiensoenpositivo.com\/online\/wp-json\/wp\/v2\/types\/post"}],"author":[{"embeddable":true,"href":"https:\/\/yopiensoenpositivo.com\/online\/wp-json\/wp\/v2\/users\/4"}],"replies":[{"embeddable":true,"href":"https:\/\/yopiensoenpositivo.com\/online\/wp-json\/wp\/v2\/comments?post=40712"}],"version-history":[{"count":2,"href":"https:\/\/yopiensoenpositivo.com\/online\/wp-json\/wp\/v2\/posts\/40712\/revisions"}],"predecessor-version":[{"id":40718,"href":"https:\/\/yopiensoenpositivo.com\/online\/wp-json\/wp\/v2\/posts\/40712\/revisions\/40718"}],"wp:featuredmedia":[{"embeddable":true,"href":"https:\/\/yopiensoenpositivo.com\/online\/wp-json\/wp\/v2\/media\/40717"}],"wp:attachment":[{"href":"https:\/\/yopiensoenpositivo.com\/online\/wp-json\/wp\/v2\/media?parent=40712"}],"wp:term":[{"taxonomy":"category","embeddable":true,"href":"https:\/\/yopiensoenpositivo.com\/online\/wp-json\/wp\/v2\/categories?post=40712"},{"taxonomy":"post_tag","embeddable":true,"href":"https:\/\/yopiensoenpositivo.com\/online\/wp-json\/wp\/v2\/tags?post=40712"}],"curies":[{"name":"wp","href":"https:\/\/api.w.org\/{rel}","templated":true}]}}