{"id":39580,"date":"2019-11-11T23:00:34","date_gmt":"2019-11-11T23:00:34","guid":{"rendered":"https:\/\/yopiensoenpositivo.com\/online\/?p=1531"},"modified":"2021-12-18T00:32:19","modified_gmt":"2021-12-18T00:32:19","slug":"el-arbol-del-universo-en-tu-casa","status":"publish","type":"post","link":"https:\/\/yopiensoenpositivo.com\/online\/el-arbol-del-universo-en-tu-casa\/","title":{"rendered":"El \u00c1rbol Del Universo En Tu Casa"},"content":{"rendered":"\n<p>Llega la navidad y como todos los a\u00f1os, vuelve la tradici\u00f3n de decorar la casa y poner el \u00e1rbol, \u00bfpero sabemos exactamente qu\u00e9 estamos haciendo con ello?<\/p>\n\n\n\n<p>\u00bfSabes por qu\u00e9 es un abeto el \u00e1rbol que se adorna?, o \u00bfpor qu\u00e9 ponemos una estrella en la punta y bolas de colores?<\/p>\n\n\n\n<p>El arbolito de navidad tiene un origen muy espiritual, este abeto representa al \u00c1rbol del Universo y debemos esta herencia&nbsp;<\/p>\n\n\n\n<p>Ancestral a las culturas n\u00f3rdicas y a los antiguos druidas, para estas culturas los \u00e1rboles ten\u00edan un significado muy especial, todos los a\u00f1os celebraban el solsticio de invierno adornando un \u00e1rbol de fresno perenne, lo&nbsp;llamaban&nbsp;<strong>\u201cdivino Idrasil\u201d o \u201cYggdrassil\u201d<\/strong>&nbsp;representaba al \u00e1rbol universal. La leyenda dec\u00eda que Od\u00edn, antes de obtener el secreto de las runas, pas\u00f3 por los&nbsp;9 mundos&nbsp;o reinos del Idrasil, el \u00e1rbol que conectaba el cielo y la tierra a trav\u00e9s de su ra\u00edz, tronco y copa. Representaba tambi\u00e9n los ciclos de todo, nacimiento, vida y muerte.<\/p>\n\n\n\n<p>En invierno la tierra deja de producir, es el per\u00edodo de muerte y letargo a la espera del nuevo nacimiento de la vida, era el per\u00edodo en que \u00e9stas culturas agradec\u00edan los frutos que la tierra hab\u00eda dado y para ello encend\u00edan antorchas, adornaban el \u00e1rbol y bailaban y cantaban a su alrededor. Era un ritual de agradecimiento por los frutos dados y una plegaria para que el pr\u00f3ximo a\u00f1o los frutos o cosechas fueran iguales o mejores. Esta fiesta coincid\u00eda con la Navidad actual.<\/p>\n\n\n\n<p>Fue el papa Bonifacio quien reemplaza el \u00e1rbol de encina que representaba a Od\u00edn,&nbsp; por un abeto adornado con manzanas y velas, &nbsp;transformando as\u00ed la tradici\u00f3n pagana en cristiana,&nbsp;la nueva interpretaci\u00f3n fue que la&nbsp;forma triangular simbolizaba&nbsp;la sant\u00edsima trinidad, las manzanas&nbsp;al&nbsp;pecado, original y de los hombres y las velas&nbsp;la luz de Cristo que salva y gu\u00eda a quien ilumina.<\/p>\n\n\n\n<p>Con el tiempo y la evoluci\u00f3n de la historia las manzanas se cambiaron por bolas de colores, \u00e1ngeles, estrellas\u2026, \u00e9stos adornos tienen su significado, las bolas rojas son para pedir, las azules de perd\u00f3n, plateadas para agradecer, las doradas para alabar. La estrella en la punta es la fe en Dios que nos guiar\u00e1.&nbsp;En cuanto a los lazos y cintas de colores, son los lazos de amor de la familia.<\/p>\n\n\n\n<p>El \u00e1rbol es un&nbsp;<strong><em>s\u00edmbolo de abundancia<\/em><\/strong>, t\u00fa eres el \u00e1rbol y los adornos son los dones que tienes y los cuales agradeces y te regalas.<\/p>\n\n\n\n<p><em>As\u00ed que ya sabes, esta Navidad, cuando adornes tu \u00e1rbol, sabr\u00e1s que es una&nbsp;<strong>ofrenda y agradecimiento<\/strong>&nbsp;por todo lo que tienes y por todo lo que tendr\u00e1s, elige tus adornos con&nbsp;<strong>conciencia y con amor universal.<\/strong><\/em><\/p>\n\n\n\n<p>Univergia<\/p>\n","protected":false},"excerpt":{"rendered":"<p>Llega la navidad y como todos los a\u00f1os, vuelve la tradici\u00f3n de decorar la casa y poner el \u00e1rbol, \u00bfpero sabemos exactamente qu\u00e9 estamos haciendo con ello?&#8230;<\/p>\n","protected":false},"author":4,"featured_media":39581,"comment_status":"open","ping_status":"open","sticky":false,"template":"","format":"standard","meta":{"footnotes":""},"categories":[99],"tags":[],"class_list":["post-39580","post","type-post","status-publish","format-standard","has-post-thumbnail","hentry","category-mensajespositivos"],"yoast_head":"<!-- This site is optimized with the Yoast SEO plugin v27.4 - https:\/\/yoast.com\/product\/yoast-seo-wordpress\/ -->\n<title>El \u00c1rbol Del Universo En Tu Casa - Pienso En Positivo<\/title>\n<meta name=\"robots\" content=\"index, follow, max-snippet:-1, max-image-preview:large, max-video-preview:-1\" \/>\n<link rel=\"canonical\" href=\"https:\/\/yopiensoenpositivo.com\/online\/el-arbol-del-universo-en-tu-casa\/\" \/>\n<meta property=\"og:locale\" content=\"es_ES\" \/>\n<meta property=\"og:type\" content=\"article\" \/>\n<meta property=\"og:title\" content=\"El \u00c1rbol Del Universo En Tu Casa - Pienso En Positivo\" \/>\n<meta property=\"og:description\" content=\"Llega la navidad y como todos los a\u00f1os, vuelve la tradici\u00f3n de decorar la casa y poner el \u00e1rbol, \u00bfpero sabemos exactamente qu\u00e9 estamos haciendo con ello?...\" \/>\n<meta property=\"og:url\" content=\"https:\/\/yopiensoenpositivo.com\/online\/el-arbol-del-universo-en-tu-casa\/\" \/>\n<meta property=\"og:site_name\" content=\"Pienso En Positivo\" \/>\n<meta property=\"article:published_time\" content=\"2019-11-11T23:00:34+00:00\" \/>\n<meta property=\"article:modified_time\" content=\"2021-12-18T00:32:19+00:00\" \/>\n<meta property=\"og:image\" content=\"https:\/\/yopiensoenpositivo.com\/online\/wp-content\/uploads\/2019\/11\/arbol.jpg\" \/>\n\t<meta property=\"og:image:width\" content=\"800\" \/>\n\t<meta property=\"og:image:height\" content=\"600\" \/>\n\t<meta property=\"og:image:type\" content=\"image\/jpeg\" \/>\n<meta name=\"author\" content=\"Pienso en positivo\" \/>\n<meta name=\"twitter:card\" content=\"summary_large_image\" \/>\n<meta name=\"twitter:label1\" content=\"Escrito por\" \/>\n\t<meta name=\"twitter:data1\" content=\"Pienso en positivo\" \/>\n\t<meta name=\"twitter:label2\" content=\"Tiempo de lectura\" \/>\n\t<meta name=\"twitter:data2\" content=\"2 minutos\" \/>\n<script type=\"application\/ld+json\" class=\"yoast-schema-graph\">{\"@context\":\"https:\\\/\\\/schema.org\",\"@graph\":[{\"@type\":\"Article\",\"@id\":\"https:\\\/\\\/yopiensoenpositivo.com\\\/online\\\/el-arbol-del-universo-en-tu-casa\\\/#article\",\"isPartOf\":{\"@id\":\"https:\\\/\\\/yopiensoenpositivo.com\\\/online\\\/el-arbol-del-universo-en-tu-casa\\\/\"},\"author\":{\"name\":\"Pienso en positivo\",\"@id\":\"https:\\\/\\\/yopiensoenpositivo.com\\\/online\\\/#\\\/schema\\\/person\\\/5b0294f44521e63e12f78f8522f15fbf\"},\"headline\":\"El \u00c1rbol Del Universo En Tu Casa\",\"datePublished\":\"2019-11-11T23:00:34+00:00\",\"dateModified\":\"2021-12-18T00:32:19+00:00\",\"mainEntityOfPage\":{\"@id\":\"https:\\\/\\\/yopiensoenpositivo.com\\\/online\\\/el-arbol-del-universo-en-tu-casa\\\/\"},\"wordCount\":501,\"commentCount\":0,\"image\":{\"@id\":\"https:\\\/\\\/yopiensoenpositivo.com\\\/online\\\/el-arbol-del-universo-en-tu-casa\\\/#primaryimage\"},\"thumbnailUrl\":\"https:\\\/\\\/yopiensoenpositivo.com\\\/online\\\/wp-content\\\/uploads\\\/2019\\\/11\\\/arbol.jpg\",\"articleSection\":[\"Mensajes positivos\"],\"inLanguage\":\"es\",\"potentialAction\":[{\"@type\":\"CommentAction\",\"name\":\"Comment\",\"target\":[\"https:\\\/\\\/yopiensoenpositivo.com\\\/online\\\/el-arbol-del-universo-en-tu-casa\\\/#respond\"]}]},{\"@type\":\"WebPage\",\"@id\":\"https:\\\/\\\/yopiensoenpositivo.com\\\/online\\\/el-arbol-del-universo-en-tu-casa\\\/\",\"url\":\"https:\\\/\\\/yopiensoenpositivo.com\\\/online\\\/el-arbol-del-universo-en-tu-casa\\\/\",\"name\":\"El \u00c1rbol Del Universo En Tu Casa - Pienso En Positivo\",\"isPartOf\":{\"@id\":\"https:\\\/\\\/yopiensoenpositivo.com\\\/online\\\/#website\"},\"primaryImageOfPage\":{\"@id\":\"https:\\\/\\\/yopiensoenpositivo.com\\\/online\\\/el-arbol-del-universo-en-tu-casa\\\/#primaryimage\"},\"image\":{\"@id\":\"https:\\\/\\\/yopiensoenpositivo.com\\\/online\\\/el-arbol-del-universo-en-tu-casa\\\/#primaryimage\"},\"thumbnailUrl\":\"https:\\\/\\\/yopiensoenpositivo.com\\\/online\\\/wp-content\\\/uploads\\\/2019\\\/11\\\/arbol.jpg\",\"datePublished\":\"2019-11-11T23:00:34+00:00\",\"dateModified\":\"2021-12-18T00:32:19+00:00\",\"author\":{\"@id\":\"https:\\\/\\\/yopiensoenpositivo.com\\\/online\\\/#\\\/schema\\\/person\\\/5b0294f44521e63e12f78f8522f15fbf\"},\"breadcrumb\":{\"@id\":\"https:\\\/\\\/yopiensoenpositivo.com\\\/online\\\/el-arbol-del-universo-en-tu-casa\\\/#breadcrumb\"},\"inLanguage\":\"es\",\"potentialAction\":[{\"@type\":\"ReadAction\",\"target\":[\"https:\\\/\\\/yopiensoenpositivo.com\\\/online\\\/el-arbol-del-universo-en-tu-casa\\\/\"]}]},{\"@type\":\"ImageObject\",\"inLanguage\":\"es\",\"@id\":\"https:\\\/\\\/yopiensoenpositivo.com\\\/online\\\/el-arbol-del-universo-en-tu-casa\\\/#primaryimage\",\"url\":\"https:\\\/\\\/yopiensoenpositivo.com\\\/online\\\/wp-content\\\/uploads\\\/2019\\\/11\\\/arbol.jpg\",\"contentUrl\":\"https:\\\/\\\/yopiensoenpositivo.com\\\/online\\\/wp-content\\\/uploads\\\/2019\\\/11\\\/arbol.jpg\",\"width\":800,\"height\":600},{\"@type\":\"BreadcrumbList\",\"@id\":\"https:\\\/\\\/yopiensoenpositivo.com\\\/online\\\/el-arbol-del-universo-en-tu-casa\\\/#breadcrumb\",\"itemListElement\":[{\"@type\":\"ListItem\",\"position\":1,\"name\":\"Portada\",\"item\":\"https:\\\/\\\/yopiensoenpositivo.com\\\/online\\\/\"},{\"@type\":\"ListItem\",\"position\":2,\"name\":\"El \u00c1rbol Del Universo En Tu Casa\"}]},{\"@type\":\"WebSite\",\"@id\":\"https:\\\/\\\/yopiensoenpositivo.com\\\/online\\\/#website\",\"url\":\"https:\\\/\\\/yopiensoenpositivo.com\\\/online\\\/\",\"name\":\"Pienso En Positivo\",\"description\":\"Te ayudamos a vivir y pensar en positivo\",\"potentialAction\":[{\"@type\":\"SearchAction\",\"target\":{\"@type\":\"EntryPoint\",\"urlTemplate\":\"https:\\\/\\\/yopiensoenpositivo.com\\\/online\\\/?s={search_term_string}\"},\"query-input\":{\"@type\":\"PropertyValueSpecification\",\"valueRequired\":true,\"valueName\":\"search_term_string\"}}],\"inLanguage\":\"es\"},{\"@type\":\"Person\",\"@id\":\"https:\\\/\\\/yopiensoenpositivo.com\\\/online\\\/#\\\/schema\\\/person\\\/5b0294f44521e63e12f78f8522f15fbf\",\"name\":\"Pienso en positivo\",\"image\":{\"@type\":\"ImageObject\",\"inLanguage\":\"es\",\"@id\":\"https:\\\/\\\/secure.gravatar.com\\\/avatar\\\/35fff5dad79ce1b037f152f27237cc592a95d286414e06ada68902451142a1f2?s=96&d=mm&r=g\",\"url\":\"https:\\\/\\\/secure.gravatar.com\\\/avatar\\\/35fff5dad79ce1b037f152f27237cc592a95d286414e06ada68902451142a1f2?s=96&d=mm&r=g\",\"contentUrl\":\"https:\\\/\\\/secure.gravatar.com\\\/avatar\\\/35fff5dad79ce1b037f152f27237cc592a95d286414e06ada68902451142a1f2?s=96&d=mm&r=g\",\"caption\":\"Pienso en positivo\"},\"url\":\"https:\\\/\\\/yopiensoenpositivo.com\\\/online\\\/author\\\/pienso-en-positivo\\\/\"}]}<\/script>\n<!-- \/ Yoast SEO plugin. -->","yoast_head_json":{"title":"El \u00c1rbol Del Universo En Tu Casa - Pienso En Positivo","robots":{"index":"index","follow":"follow","max-snippet":"max-snippet:-1","max-image-preview":"max-image-preview:large","max-video-preview":"max-video-preview:-1"},"canonical":"https:\/\/yopiensoenpositivo.com\/online\/el-arbol-del-universo-en-tu-casa\/","og_locale":"es_ES","og_type":"article","og_title":"El \u00c1rbol Del Universo En Tu Casa - Pienso En Positivo","og_description":"Llega la navidad y como todos los a\u00f1os, vuelve la tradici\u00f3n de decorar la casa y poner el \u00e1rbol, \u00bfpero sabemos exactamente qu\u00e9 estamos haciendo con ello?...","og_url":"https:\/\/yopiensoenpositivo.com\/online\/el-arbol-del-universo-en-tu-casa\/","og_site_name":"Pienso En Positivo","article_published_time":"2019-11-11T23:00:34+00:00","article_modified_time":"2021-12-18T00:32:19+00:00","og_image":[{"width":800,"height":600,"url":"https:\/\/yopiensoenpositivo.com\/online\/wp-content\/uploads\/2019\/11\/arbol.jpg","type":"image\/jpeg"}],"author":"Pienso en positivo","twitter_card":"summary_large_image","twitter_misc":{"Escrito por":"Pienso en positivo","Tiempo de lectura":"2 minutos"},"schema":{"@context":"https:\/\/schema.org","@graph":[{"@type":"Article","@id":"https:\/\/yopiensoenpositivo.com\/online\/el-arbol-del-universo-en-tu-casa\/#article","isPartOf":{"@id":"https:\/\/yopiensoenpositivo.com\/online\/el-arbol-del-universo-en-tu-casa\/"},"author":{"name":"Pienso en positivo","@id":"https:\/\/yopiensoenpositivo.com\/online\/#\/schema\/person\/5b0294f44521e63e12f78f8522f15fbf"},"headline":"El \u00c1rbol Del Universo En Tu Casa","datePublished":"2019-11-11T23:00:34+00:00","dateModified":"2021-12-18T00:32:19+00:00","mainEntityOfPage":{"@id":"https:\/\/yopiensoenpositivo.com\/online\/el-arbol-del-universo-en-tu-casa\/"},"wordCount":501,"commentCount":0,"image":{"@id":"https:\/\/yopiensoenpositivo.com\/online\/el-arbol-del-universo-en-tu-casa\/#primaryimage"},"thumbnailUrl":"https:\/\/yopiensoenpositivo.com\/online\/wp-content\/uploads\/2019\/11\/arbol.jpg","articleSection":["Mensajes positivos"],"inLanguage":"es","potentialAction":[{"@type":"CommentAction","name":"Comment","target":["https:\/\/yopiensoenpositivo.com\/online\/el-arbol-del-universo-en-tu-casa\/#respond"]}]},{"@type":"WebPage","@id":"https:\/\/yopiensoenpositivo.com\/online\/el-arbol-del-universo-en-tu-casa\/","url":"https:\/\/yopiensoenpositivo.com\/online\/el-arbol-del-universo-en-tu-casa\/","name":"El \u00c1rbol Del Universo En Tu Casa - Pienso En Positivo","isPartOf":{"@id":"https:\/\/yopiensoenpositivo.com\/online\/#website"},"primaryImageOfPage":{"@id":"https:\/\/yopiensoenpositivo.com\/online\/el-arbol-del-universo-en-tu-casa\/#primaryimage"},"image":{"@id":"https:\/\/yopiensoenpositivo.com\/online\/el-arbol-del-universo-en-tu-casa\/#primaryimage"},"thumbnailUrl":"https:\/\/yopiensoenpositivo.com\/online\/wp-content\/uploads\/2019\/11\/arbol.jpg","datePublished":"2019-11-11T23:00:34+00:00","dateModified":"2021-12-18T00:32:19+00:00","author":{"@id":"https:\/\/yopiensoenpositivo.com\/online\/#\/schema\/person\/5b0294f44521e63e12f78f8522f15fbf"},"breadcrumb":{"@id":"https:\/\/yopiensoenpositivo.com\/online\/el-arbol-del-universo-en-tu-casa\/#breadcrumb"},"inLanguage":"es","potentialAction":[{"@type":"ReadAction","target":["https:\/\/yopiensoenpositivo.com\/online\/el-arbol-del-universo-en-tu-casa\/"]}]},{"@type":"ImageObject","inLanguage":"es","@id":"https:\/\/yopiensoenpositivo.com\/online\/el-arbol-del-universo-en-tu-casa\/#primaryimage","url":"https:\/\/yopiensoenpositivo.com\/online\/wp-content\/uploads\/2019\/11\/arbol.jpg","contentUrl":"https:\/\/yopiensoenpositivo.com\/online\/wp-content\/uploads\/2019\/11\/arbol.jpg","width":800,"height":600},{"@type":"BreadcrumbList","@id":"https:\/\/yopiensoenpositivo.com\/online\/el-arbol-del-universo-en-tu-casa\/#breadcrumb","itemListElement":[{"@type":"ListItem","position":1,"name":"Portada","item":"https:\/\/yopiensoenpositivo.com\/online\/"},{"@type":"ListItem","position":2,"name":"El \u00c1rbol Del Universo En Tu Casa"}]},{"@type":"WebSite","@id":"https:\/\/yopiensoenpositivo.com\/online\/#website","url":"https:\/\/yopiensoenpositivo.com\/online\/","name":"Pienso En Positivo","description":"Te ayudamos a vivir y pensar en positivo","potentialAction":[{"@type":"SearchAction","target":{"@type":"EntryPoint","urlTemplate":"https:\/\/yopiensoenpositivo.com\/online\/?s={search_term_string}"},"query-input":{"@type":"PropertyValueSpecification","valueRequired":true,"valueName":"search_term_string"}}],"inLanguage":"es"},{"@type":"Person","@id":"https:\/\/yopiensoenpositivo.com\/online\/#\/schema\/person\/5b0294f44521e63e12f78f8522f15fbf","name":"Pienso en positivo","image":{"@type":"ImageObject","inLanguage":"es","@id":"https:\/\/secure.gravatar.com\/avatar\/35fff5dad79ce1b037f152f27237cc592a95d286414e06ada68902451142a1f2?s=96&d=mm&r=g","url":"https:\/\/secure.gravatar.com\/avatar\/35fff5dad79ce1b037f152f27237cc592a95d286414e06ada68902451142a1f2?s=96&d=mm&r=g","contentUrl":"https:\/\/secure.gravatar.com\/avatar\/35fff5dad79ce1b037f152f27237cc592a95d286414e06ada68902451142a1f2?s=96&d=mm&r=g","caption":"Pienso en positivo"},"url":"https:\/\/yopiensoenpositivo.com\/online\/author\/pienso-en-positivo\/"}]}},"post_mailing_queue_ids":[],"_links":{"self":[{"href":"https:\/\/yopiensoenpositivo.com\/online\/wp-json\/wp\/v2\/posts\/39580","targetHints":{"allow":["GET"]}}],"collection":[{"href":"https:\/\/yopiensoenpositivo.com\/online\/wp-json\/wp\/v2\/posts"}],"about":[{"href":"https:\/\/yopiensoenpositivo.com\/online\/wp-json\/wp\/v2\/types\/post"}],"author":[{"embeddable":true,"href":"https:\/\/yopiensoenpositivo.com\/online\/wp-json\/wp\/v2\/users\/4"}],"replies":[{"embeddable":true,"href":"https:\/\/yopiensoenpositivo.com\/online\/wp-json\/wp\/v2\/comments?post=39580"}],"version-history":[{"count":1,"href":"https:\/\/yopiensoenpositivo.com\/online\/wp-json\/wp\/v2\/posts\/39580\/revisions"}],"predecessor-version":[{"id":39699,"href":"https:\/\/yopiensoenpositivo.com\/online\/wp-json\/wp\/v2\/posts\/39580\/revisions\/39699"}],"wp:featuredmedia":[{"embeddable":true,"href":"https:\/\/yopiensoenpositivo.com\/online\/wp-json\/wp\/v2\/media\/39581"}],"wp:attachment":[{"href":"https:\/\/yopiensoenpositivo.com\/online\/wp-json\/wp\/v2\/media?parent=39580"}],"wp:term":[{"taxonomy":"category","embeddable":true,"href":"https:\/\/yopiensoenpositivo.com\/online\/wp-json\/wp\/v2\/categories?post=39580"},{"taxonomy":"post_tag","embeddable":true,"href":"https:\/\/yopiensoenpositivo.com\/online\/wp-json\/wp\/v2\/tags?post=39580"}],"curies":[{"name":"wp","href":"https:\/\/api.w.org\/{rel}","templated":true}]}}