{"id":39570,"date":"2019-11-11T23:34:19","date_gmt":"2019-11-11T23:34:19","guid":{"rendered":"https:\/\/yopiensoenpositivo.com\/online\/?p=1546"},"modified":"2021-12-18T00:32:19","modified_gmt":"2021-12-18T00:32:19","slug":"el-poder-de-las-palabras","status":"publish","type":"post","link":"https:\/\/yopiensoenpositivo.com\/online\/el-poder-de-las-palabras\/","title":{"rendered":"El Poder De Las Palabras"},"content":{"rendered":"\n<p><strong>Las palabras prohibidas que te alejan de los buenos prop\u00f3sitos: El poder de las palabras.<\/strong><\/p>\n\n\n\n<p>Hay palabras que te bloquean, o te frenan a actuar. Y&nbsp;<strong>sin actuar y provocar es m\u00e1s dif\u00edcil que te pasen las cosas que quieres.&nbsp;<\/strong><\/p>\n\n\n\n<p><br>Seg\u00fan la metodolog\u00eda de la PNL (programaci\u00f3n neuroling\u00fc\u00edstica) hay palabras que te limitan y hay palabras que te impulsan a actuar, y por eso, hay que tener mucho cuidado en c\u00f3mo y cu\u00e1ndo las utilizas.<\/p>\n\n\n\n<p><strong>8 PALABRAS PROHIBIDAS<\/strong>&nbsp;<\/p>\n\n\n\n<p><strong>Y si pasa\u2026<\/strong><\/p>\n\n\n\n<p>\u201cY si sale mal\u201d, \u201cY si no lo consigo\u201d, \u201cY si los otros me dicen que\u201d,\u2026<br>El cerebro, a menudo, te alerta de las mil y una probabilidades de cosas que podr\u00edan pasar. Y estas cosas son, justamente esto, probabilidades. Pueden o no pueden pasar. El 90% de las preocupaciones que piensas que pueden pasar, no pasan finalmente. Te animo que hagas la prueba. Escribe una lista con todo aquello que te preocupa que pase, y rev\u00edsalo dentro de unos meses. Descubrir\u00e1s que empezar las frases con un&nbsp;<em>Y si\u2026<\/em>&nbsp;s\u00f3lo hay que hacerlo cuando realmente hay posibilidades que pasen. En este caso, habr\u00eda que tener en cuenta un Plan B. El resto de ocasiones, las puedes eliminar.<\/p>\n\n\n\n<p><strong>\u00bfPor qu\u00e9?<\/strong><\/p>\n\n\n\n<p>En lugar de preguntarte \u201cpor qu\u00e9\u201d quieres hacer una cosa, preg\u00fantate \u201cpara que\u201d la quieras hacer. Preg\u00fantate \u201c\u00bfQu\u00e9 es lo que te aportar\u00e1\u201d?\u2026 esto te llevar\u00e1 a la motivaci\u00f3n real, para poder actuar con constancia y disciplina para conseguir lo que te has propuesto.<\/p>\n\n\n\n<p><strong>No puedo\u2026\/ no podr\u00e9\u2026<\/strong><\/p>\n\n\n\n<p>Si te dices a ti mismo\/a \u201cno puedo hacerlo\u201d, te bloqueas, y el cerebro ya no har\u00e1 ning\u00fan esfuerzo para buscar estrategias y actuar.<\/p>\n\n\n\n<p>Mejor sustituirlo por \u201clo probar\u00e9\u201d o bien, \u201clo har\u00e9 y a ver qu\u00e9 pasa\u201d, o \u201c\u00bfy por qu\u00e9 no?\u201c, o mejor, \u201c\u00bfQu\u00e9 puedo hacer diferente para qu\u00e9 lo consiga esta vez?\u201d.<\/p>\n\n\n\n<p><strong>Es que\u2026<\/strong><\/p>\n\n\n\n<p>Normalmente, despu\u00e9s de estas dos palabras viene una excusa o una queja. Analiza qu\u00e9 beneficio te aporta esta excusa o queja. Y comp\u00e1ralo con el beneficio que obtendr\u00edas si consigues tu prop\u00f3sito.<\/p>\n\n\n\n<p><strong>Fracaso<\/strong><\/p>\n\n\n\n<p>Hay que sustituirlo por aprendizaje. Normalmente, hablamos de fracaso cuando no hemos conseguido las expectativas\u2026 y las expectativas son precisamente eso, \u201cexpectativas\u201d. En algunas culturas se valora positivamente el fracaso, como por ejemplo, en emprendimiento. \u00bfY por qu\u00e9? Pues porqu\u00e9 haber fallado en algunas cosas, implica haber aprendido mucho, tener capacidad de resiliencia, tener resistencia a la frustraci\u00f3n, haberse enfrentado a diversas situaciones adversas, etc.<\/p>\n\n\n\n<p><strong>Problema<\/strong><\/p>\n\n\n\n<p>Es la m\u00e1s usual. Y la palabra hace referencia a un freno o algo que hay que solucionar. La mayor\u00eda de las veces, si la sustituyes por la palabra&nbsp;<em>reto<\/em>, te impulsar\u00e1 a buscar opciones u otras alternativas.<\/p>\n\n\n\n<p><strong>Pero\u2026<\/strong><\/p>\n\n\n\n<p>Esta palabra anula la frase anterior. A menudo la puedes sustituir por \u201cy\u201d o bien, poner la frase del esfuerzo\/negativa antes del \u201cpero\u201d. De esta forma, el cerebro registra la frase que nos motiva a la acci\u00f3n. Con un ejemplo, quiz\u00e1 lo ver\u00e1s m\u00e1s claro: \u00bfCu\u00e1l de las siguientes frases te motivar\u00eda m\u00e1s a actuar?<\/p>\n\n\n\n<p>\u2013 Me da mucha pereza, pero quiero ir a andar una hora cada d\u00eda.<\/p>\n\n\n\n<p>\u2013 Quiero ir a andar una hora cada d\u00eda, pero me hace mucha pereza.<\/p>\n\n\n\n<p><strong>Tengo que\u2026<\/strong><\/p>\n\n\n\n<p>Implica una obligaci\u00f3n, o un esfuerzo. Es evidente que hay cosas que \u201ctenemos que hacer\u201d porque nos corresponden. En cambio, cuando son cosas que te propones hacer, la mayor\u00eda de veces lo puedes sustituir por el verbo \u201cquiero\u201d, como \u201cquiero hacer deporte\u201d, \u201cquiero estudiar ingl\u00e9s\u201d,\u2026<\/p>\n\n\n\n<p>Y ahora te preguntar\u00e9:&nbsp;<strong>\u00bfCu\u00e1l es la palabra de esta lista que te est\u00e1 frenando actualmente, a la hora de conseguir lo que te propones?&nbsp;, \u00bfUtilizas palabras prohibidas en tu&nbsp;d\u00eda a d\u00eda?, \u00bfcu\u00e1l o cu\u00e1les vas a elegir para empezar a cambiar tu di\u00e1logo interno respecto a tus prop\u00f3sitos?.<\/strong><\/p>\n\n\n\n<p>Escrito por Roser Claramunt<\/p>\n","protected":false},"excerpt":{"rendered":"<p>Hay palabras que te bloquean, o te frenan a actuar. Y sin actuar y provocar es m\u00e1s dif\u00edcil que te pasen las cosas que quieres&#8230;<\/p>\n","protected":false},"author":4,"featured_media":39571,"comment_status":"open","ping_status":"open","sticky":false,"template":"","format":"standard","meta":{"footnotes":""},"categories":[99],"tags":[],"class_list":["post-39570","post","type-post","status-publish","format-standard","has-post-thumbnail","hentry","category-mensajespositivos"],"yoast_head":"<!-- This site is optimized with the Yoast SEO plugin v27.4 - https:\/\/yoast.com\/product\/yoast-seo-wordpress\/ -->\n<title>El Poder De Las Palabras - Pienso En Positivo<\/title>\n<meta name=\"robots\" content=\"index, follow, max-snippet:-1, max-image-preview:large, max-video-preview:-1\" \/>\n<link rel=\"canonical\" href=\"https:\/\/yopiensoenpositivo.com\/online\/el-poder-de-las-palabras\/\" \/>\n<meta property=\"og:locale\" content=\"es_ES\" \/>\n<meta property=\"og:type\" content=\"article\" \/>\n<meta property=\"og:title\" content=\"El Poder De Las Palabras - Pienso En Positivo\" \/>\n<meta property=\"og:description\" content=\"Hay palabras que te bloquean, o te frenan a actuar. Y sin actuar y provocar es m\u00e1s dif\u00edcil que te pasen las cosas que quieres...\" \/>\n<meta property=\"og:url\" content=\"https:\/\/yopiensoenpositivo.com\/online\/el-poder-de-las-palabras\/\" \/>\n<meta property=\"og:site_name\" content=\"Pienso En Positivo\" \/>\n<meta property=\"article:published_time\" content=\"2019-11-11T23:34:19+00:00\" \/>\n<meta property=\"article:modified_time\" content=\"2021-12-18T00:32:19+00:00\" \/>\n<meta property=\"og:image\" content=\"https:\/\/yopiensoenpositivo.com\/online\/wp-content\/uploads\/2019\/11\/palabras.jpg\" \/>\n\t<meta property=\"og:image:width\" content=\"800\" \/>\n\t<meta property=\"og:image:height\" content=\"600\" \/>\n\t<meta property=\"og:image:type\" content=\"image\/jpeg\" \/>\n<meta name=\"author\" content=\"Pienso en positivo\" \/>\n<meta name=\"twitter:card\" content=\"summary_large_image\" \/>\n<meta name=\"twitter:label1\" content=\"Escrito por\" \/>\n\t<meta name=\"twitter:data1\" content=\"Pienso en positivo\" \/>\n\t<meta name=\"twitter:label2\" content=\"Tiempo de lectura\" \/>\n\t<meta name=\"twitter:data2\" content=\"3 minutos\" \/>\n<script type=\"application\/ld+json\" class=\"yoast-schema-graph\">{\"@context\":\"https:\\\/\\\/schema.org\",\"@graph\":[{\"@type\":\"Article\",\"@id\":\"https:\\\/\\\/yopiensoenpositivo.com\\\/online\\\/el-poder-de-las-palabras\\\/#article\",\"isPartOf\":{\"@id\":\"https:\\\/\\\/yopiensoenpositivo.com\\\/online\\\/el-poder-de-las-palabras\\\/\"},\"author\":{\"name\":\"Pienso en positivo\",\"@id\":\"https:\\\/\\\/yopiensoenpositivo.com\\\/online\\\/#\\\/schema\\\/person\\\/5b0294f44521e63e12f78f8522f15fbf\"},\"headline\":\"El Poder De Las Palabras\",\"datePublished\":\"2019-11-11T23:34:19+00:00\",\"dateModified\":\"2021-12-18T00:32:19+00:00\",\"mainEntityOfPage\":{\"@id\":\"https:\\\/\\\/yopiensoenpositivo.com\\\/online\\\/el-poder-de-las-palabras\\\/\"},\"wordCount\":683,\"commentCount\":0,\"image\":{\"@id\":\"https:\\\/\\\/yopiensoenpositivo.com\\\/online\\\/el-poder-de-las-palabras\\\/#primaryimage\"},\"thumbnailUrl\":\"https:\\\/\\\/yopiensoenpositivo.com\\\/online\\\/wp-content\\\/uploads\\\/2019\\\/11\\\/palabras.jpg\",\"articleSection\":[\"Mensajes positivos\"],\"inLanguage\":\"es\",\"potentialAction\":[{\"@type\":\"CommentAction\",\"name\":\"Comment\",\"target\":[\"https:\\\/\\\/yopiensoenpositivo.com\\\/online\\\/el-poder-de-las-palabras\\\/#respond\"]}]},{\"@type\":\"WebPage\",\"@id\":\"https:\\\/\\\/yopiensoenpositivo.com\\\/online\\\/el-poder-de-las-palabras\\\/\",\"url\":\"https:\\\/\\\/yopiensoenpositivo.com\\\/online\\\/el-poder-de-las-palabras\\\/\",\"name\":\"El Poder De Las Palabras - Pienso En Positivo\",\"isPartOf\":{\"@id\":\"https:\\\/\\\/yopiensoenpositivo.com\\\/online\\\/#website\"},\"primaryImageOfPage\":{\"@id\":\"https:\\\/\\\/yopiensoenpositivo.com\\\/online\\\/el-poder-de-las-palabras\\\/#primaryimage\"},\"image\":{\"@id\":\"https:\\\/\\\/yopiensoenpositivo.com\\\/online\\\/el-poder-de-las-palabras\\\/#primaryimage\"},\"thumbnailUrl\":\"https:\\\/\\\/yopiensoenpositivo.com\\\/online\\\/wp-content\\\/uploads\\\/2019\\\/11\\\/palabras.jpg\",\"datePublished\":\"2019-11-11T23:34:19+00:00\",\"dateModified\":\"2021-12-18T00:32:19+00:00\",\"author\":{\"@id\":\"https:\\\/\\\/yopiensoenpositivo.com\\\/online\\\/#\\\/schema\\\/person\\\/5b0294f44521e63e12f78f8522f15fbf\"},\"breadcrumb\":{\"@id\":\"https:\\\/\\\/yopiensoenpositivo.com\\\/online\\\/el-poder-de-las-palabras\\\/#breadcrumb\"},\"inLanguage\":\"es\",\"potentialAction\":[{\"@type\":\"ReadAction\",\"target\":[\"https:\\\/\\\/yopiensoenpositivo.com\\\/online\\\/el-poder-de-las-palabras\\\/\"]}]},{\"@type\":\"ImageObject\",\"inLanguage\":\"es\",\"@id\":\"https:\\\/\\\/yopiensoenpositivo.com\\\/online\\\/el-poder-de-las-palabras\\\/#primaryimage\",\"url\":\"https:\\\/\\\/yopiensoenpositivo.com\\\/online\\\/wp-content\\\/uploads\\\/2019\\\/11\\\/palabras.jpg\",\"contentUrl\":\"https:\\\/\\\/yopiensoenpositivo.com\\\/online\\\/wp-content\\\/uploads\\\/2019\\\/11\\\/palabras.jpg\",\"width\":800,\"height\":600},{\"@type\":\"BreadcrumbList\",\"@id\":\"https:\\\/\\\/yopiensoenpositivo.com\\\/online\\\/el-poder-de-las-palabras\\\/#breadcrumb\",\"itemListElement\":[{\"@type\":\"ListItem\",\"position\":1,\"name\":\"Portada\",\"item\":\"https:\\\/\\\/yopiensoenpositivo.com\\\/online\\\/\"},{\"@type\":\"ListItem\",\"position\":2,\"name\":\"El Poder De Las Palabras\"}]},{\"@type\":\"WebSite\",\"@id\":\"https:\\\/\\\/yopiensoenpositivo.com\\\/online\\\/#website\",\"url\":\"https:\\\/\\\/yopiensoenpositivo.com\\\/online\\\/\",\"name\":\"Pienso En Positivo\",\"description\":\"Te ayudamos a vivir y pensar en positivo\",\"potentialAction\":[{\"@type\":\"SearchAction\",\"target\":{\"@type\":\"EntryPoint\",\"urlTemplate\":\"https:\\\/\\\/yopiensoenpositivo.com\\\/online\\\/?s={search_term_string}\"},\"query-input\":{\"@type\":\"PropertyValueSpecification\",\"valueRequired\":true,\"valueName\":\"search_term_string\"}}],\"inLanguage\":\"es\"},{\"@type\":\"Person\",\"@id\":\"https:\\\/\\\/yopiensoenpositivo.com\\\/online\\\/#\\\/schema\\\/person\\\/5b0294f44521e63e12f78f8522f15fbf\",\"name\":\"Pienso en positivo\",\"image\":{\"@type\":\"ImageObject\",\"inLanguage\":\"es\",\"@id\":\"https:\\\/\\\/secure.gravatar.com\\\/avatar\\\/35fff5dad79ce1b037f152f27237cc592a95d286414e06ada68902451142a1f2?s=96&d=mm&r=g\",\"url\":\"https:\\\/\\\/secure.gravatar.com\\\/avatar\\\/35fff5dad79ce1b037f152f27237cc592a95d286414e06ada68902451142a1f2?s=96&d=mm&r=g\",\"contentUrl\":\"https:\\\/\\\/secure.gravatar.com\\\/avatar\\\/35fff5dad79ce1b037f152f27237cc592a95d286414e06ada68902451142a1f2?s=96&d=mm&r=g\",\"caption\":\"Pienso en positivo\"},\"url\":\"https:\\\/\\\/yopiensoenpositivo.com\\\/online\\\/author\\\/pienso-en-positivo\\\/\"}]}<\/script>\n<!-- \/ Yoast SEO plugin. -->","yoast_head_json":{"title":"El Poder De Las Palabras - Pienso En Positivo","robots":{"index":"index","follow":"follow","max-snippet":"max-snippet:-1","max-image-preview":"max-image-preview:large","max-video-preview":"max-video-preview:-1"},"canonical":"https:\/\/yopiensoenpositivo.com\/online\/el-poder-de-las-palabras\/","og_locale":"es_ES","og_type":"article","og_title":"El Poder De Las Palabras - Pienso En Positivo","og_description":"Hay palabras que te bloquean, o te frenan a actuar. Y sin actuar y provocar es m\u00e1s dif\u00edcil que te pasen las cosas que quieres...","og_url":"https:\/\/yopiensoenpositivo.com\/online\/el-poder-de-las-palabras\/","og_site_name":"Pienso En Positivo","article_published_time":"2019-11-11T23:34:19+00:00","article_modified_time":"2021-12-18T00:32:19+00:00","og_image":[{"width":800,"height":600,"url":"https:\/\/yopiensoenpositivo.com\/online\/wp-content\/uploads\/2019\/11\/palabras.jpg","type":"image\/jpeg"}],"author":"Pienso en positivo","twitter_card":"summary_large_image","twitter_misc":{"Escrito por":"Pienso en positivo","Tiempo de lectura":"3 minutos"},"schema":{"@context":"https:\/\/schema.org","@graph":[{"@type":"Article","@id":"https:\/\/yopiensoenpositivo.com\/online\/el-poder-de-las-palabras\/#article","isPartOf":{"@id":"https:\/\/yopiensoenpositivo.com\/online\/el-poder-de-las-palabras\/"},"author":{"name":"Pienso en positivo","@id":"https:\/\/yopiensoenpositivo.com\/online\/#\/schema\/person\/5b0294f44521e63e12f78f8522f15fbf"},"headline":"El Poder De Las Palabras","datePublished":"2019-11-11T23:34:19+00:00","dateModified":"2021-12-18T00:32:19+00:00","mainEntityOfPage":{"@id":"https:\/\/yopiensoenpositivo.com\/online\/el-poder-de-las-palabras\/"},"wordCount":683,"commentCount":0,"image":{"@id":"https:\/\/yopiensoenpositivo.com\/online\/el-poder-de-las-palabras\/#primaryimage"},"thumbnailUrl":"https:\/\/yopiensoenpositivo.com\/online\/wp-content\/uploads\/2019\/11\/palabras.jpg","articleSection":["Mensajes positivos"],"inLanguage":"es","potentialAction":[{"@type":"CommentAction","name":"Comment","target":["https:\/\/yopiensoenpositivo.com\/online\/el-poder-de-las-palabras\/#respond"]}]},{"@type":"WebPage","@id":"https:\/\/yopiensoenpositivo.com\/online\/el-poder-de-las-palabras\/","url":"https:\/\/yopiensoenpositivo.com\/online\/el-poder-de-las-palabras\/","name":"El Poder De Las Palabras - Pienso En Positivo","isPartOf":{"@id":"https:\/\/yopiensoenpositivo.com\/online\/#website"},"primaryImageOfPage":{"@id":"https:\/\/yopiensoenpositivo.com\/online\/el-poder-de-las-palabras\/#primaryimage"},"image":{"@id":"https:\/\/yopiensoenpositivo.com\/online\/el-poder-de-las-palabras\/#primaryimage"},"thumbnailUrl":"https:\/\/yopiensoenpositivo.com\/online\/wp-content\/uploads\/2019\/11\/palabras.jpg","datePublished":"2019-11-11T23:34:19+00:00","dateModified":"2021-12-18T00:32:19+00:00","author":{"@id":"https:\/\/yopiensoenpositivo.com\/online\/#\/schema\/person\/5b0294f44521e63e12f78f8522f15fbf"},"breadcrumb":{"@id":"https:\/\/yopiensoenpositivo.com\/online\/el-poder-de-las-palabras\/#breadcrumb"},"inLanguage":"es","potentialAction":[{"@type":"ReadAction","target":["https:\/\/yopiensoenpositivo.com\/online\/el-poder-de-las-palabras\/"]}]},{"@type":"ImageObject","inLanguage":"es","@id":"https:\/\/yopiensoenpositivo.com\/online\/el-poder-de-las-palabras\/#primaryimage","url":"https:\/\/yopiensoenpositivo.com\/online\/wp-content\/uploads\/2019\/11\/palabras.jpg","contentUrl":"https:\/\/yopiensoenpositivo.com\/online\/wp-content\/uploads\/2019\/11\/palabras.jpg","width":800,"height":600},{"@type":"BreadcrumbList","@id":"https:\/\/yopiensoenpositivo.com\/online\/el-poder-de-las-palabras\/#breadcrumb","itemListElement":[{"@type":"ListItem","position":1,"name":"Portada","item":"https:\/\/yopiensoenpositivo.com\/online\/"},{"@type":"ListItem","position":2,"name":"El Poder De Las Palabras"}]},{"@type":"WebSite","@id":"https:\/\/yopiensoenpositivo.com\/online\/#website","url":"https:\/\/yopiensoenpositivo.com\/online\/","name":"Pienso En Positivo","description":"Te ayudamos a vivir y pensar en positivo","potentialAction":[{"@type":"SearchAction","target":{"@type":"EntryPoint","urlTemplate":"https:\/\/yopiensoenpositivo.com\/online\/?s={search_term_string}"},"query-input":{"@type":"PropertyValueSpecification","valueRequired":true,"valueName":"search_term_string"}}],"inLanguage":"es"},{"@type":"Person","@id":"https:\/\/yopiensoenpositivo.com\/online\/#\/schema\/person\/5b0294f44521e63e12f78f8522f15fbf","name":"Pienso en positivo","image":{"@type":"ImageObject","inLanguage":"es","@id":"https:\/\/secure.gravatar.com\/avatar\/35fff5dad79ce1b037f152f27237cc592a95d286414e06ada68902451142a1f2?s=96&d=mm&r=g","url":"https:\/\/secure.gravatar.com\/avatar\/35fff5dad79ce1b037f152f27237cc592a95d286414e06ada68902451142a1f2?s=96&d=mm&r=g","contentUrl":"https:\/\/secure.gravatar.com\/avatar\/35fff5dad79ce1b037f152f27237cc592a95d286414e06ada68902451142a1f2?s=96&d=mm&r=g","caption":"Pienso en positivo"},"url":"https:\/\/yopiensoenpositivo.com\/online\/author\/pienso-en-positivo\/"}]}},"post_mailing_queue_ids":[],"_links":{"self":[{"href":"https:\/\/yopiensoenpositivo.com\/online\/wp-json\/wp\/v2\/posts\/39570","targetHints":{"allow":["GET"]}}],"collection":[{"href":"https:\/\/yopiensoenpositivo.com\/online\/wp-json\/wp\/v2\/posts"}],"about":[{"href":"https:\/\/yopiensoenpositivo.com\/online\/wp-json\/wp\/v2\/types\/post"}],"author":[{"embeddable":true,"href":"https:\/\/yopiensoenpositivo.com\/online\/wp-json\/wp\/v2\/users\/4"}],"replies":[{"embeddable":true,"href":"https:\/\/yopiensoenpositivo.com\/online\/wp-json\/wp\/v2\/comments?post=39570"}],"version-history":[{"count":1,"href":"https:\/\/yopiensoenpositivo.com\/online\/wp-json\/wp\/v2\/posts\/39570\/revisions"}],"predecessor-version":[{"id":39694,"href":"https:\/\/yopiensoenpositivo.com\/online\/wp-json\/wp\/v2\/posts\/39570\/revisions\/39694"}],"wp:featuredmedia":[{"embeddable":true,"href":"https:\/\/yopiensoenpositivo.com\/online\/wp-json\/wp\/v2\/media\/39571"}],"wp:attachment":[{"href":"https:\/\/yopiensoenpositivo.com\/online\/wp-json\/wp\/v2\/media?parent=39570"}],"wp:term":[{"taxonomy":"category","embeddable":true,"href":"https:\/\/yopiensoenpositivo.com\/online\/wp-json\/wp\/v2\/categories?post=39570"},{"taxonomy":"post_tag","embeddable":true,"href":"https:\/\/yopiensoenpositivo.com\/online\/wp-json\/wp\/v2\/tags?post=39570"}],"curies":[{"name":"wp","href":"https:\/\/api.w.org\/{rel}","templated":true}]}}