{"id":39565,"date":"2019-11-11T23:53:40","date_gmt":"2019-11-11T23:53:40","guid":{"rendered":"https:\/\/yopiensoenpositivo.com\/online\/?p=1553"},"modified":"2021-12-18T00:32:19","modified_gmt":"2021-12-18T00:32:19","slug":"como-podemos-vencer-el-miedo","status":"publish","type":"post","link":"https:\/\/yopiensoenpositivo.com\/online\/como-podemos-vencer-el-miedo\/","title":{"rendered":"\u00bfC\u00f3mo Podemos Vencer El Miedo?"},"content":{"rendered":"\n<p><strong>El miedo<\/strong>&nbsp;<strong>es con total seguridad un<\/strong>&nbsp;<strong>sentimiento inherente al ser humano<\/strong>.<\/p>\n\n\n\n<p>Est\u00e1 ah\u00ed desde que nacemos hasta el mism\u00edsimo d\u00eda de nuestra muerte. Por ello, se antoja muy importante saber convivir con \u00e9l y aceptar que siempre nos acompa\u00f1ar\u00e1 en cualquier decisi\u00f3n que tomemos, por peque\u00f1a que sea. Por eso, aunque en ocasiones este sentimiento nos desborde, es importante aprender a vencer el miedo para que este no nos paralice.<\/p>\n\n\n\n<p><strong>Sentir miedo no es malo<\/strong>. Esta emoci\u00f3n suele activarse cuando estamos ante una situaci\u00f3n de peligro. El problema es que, en ocasiones, es irracional. Es decir, no es un miedo real. Sentir temor a hablar en p\u00fablico o a la posibilidad de que una relaci\u00f3n se rompa es fruto de inseguridades. Aunque, tambi\u00e9n, probablemente est\u00e9n actuando determinadas creencias que ser\u00e1 necesario cuestionarnos.<\/p>\n\n\n\n<p><strong>Formas de vencer el miedo para que este no controle nuestra vida<\/strong><\/p>\n\n\n\n<p>Muchos de vosotros pensar\u00e9is que tener este sentimiento es t\u00edpico de una persona cobarde que no sabe afrontar su vida. Pero nada m\u00e1s lejos de la realidad.<\/p>\n\n\n\n<p>Y es que&nbsp;el miedo es tambi\u00e9n una&nbsp;forma de autoprotecci\u00f3n ante cualquier situaci\u00f3n de peligro,&nbsp;sobre todo cuando ponemos en riesgo nuestra integridad f\u00edsica. Si eres una persona que asiduamente tiene miedo, no te preocupes, es de lo m\u00e1s normal.<\/p>\n\n\n\n<p>S\u00f3lo tienes que saber convivir con \u00e9l y controlarlo cuando realmente sea necesario. Ante esto, seguro que muchos de vosotros os preguntareis lo siguiente.<\/p>\n\n\n\n<p>&nbsp;\u00bf<strong>C\u00f3mo podemos vencer el miedo? \u00bfY qu\u00e9 hay que hacer para controlarlo<\/strong>?<\/p>\n\n\n\n<p>Antes de todo, hay que decir que no hay una f\u00f3rmula definitiva para vencer al miedo. Este no desparecer\u00e1 por arte de magia de la noche a la ma\u00f1ana, m\u00e1s bien todo lo contrario. Pero s\u00ed podemos brindaros algunas claves.<\/p>\n\n\n\n<ul class=\"wp-block-list\"><li><strong>No escapes del miedo<\/strong>: huir no es una buena idea porque aquello que temes no desaparecer\u00e1 por s\u00ed solo a menos que lo mires, reflexiones sobre ello y descubras la mejor soluci\u00f3n para afrontarlo.<\/li><\/ul>\n\n\n\n<ul class=\"wp-block-list\"><li><strong>Ac\u00e9ptalo, no lo niegues<\/strong>: si no aceptas que tienes determinado miedo, dif\u00edcilmente podr\u00e1s ponerle fin. Pues, es necesario que sepas mirarte, observar aquello que te est\u00e1 pasando y admitirlo. Sin este paso, no podr\u00e1s avanzar.<\/li><\/ul>\n\n\n\n<ul class=\"wp-block-list\"><li><strong>Enfr\u00e9ntate a lo que te hace sentir miedo<\/strong>: como lo oyes. No importa el miedo que tengas a que la ansiedad haga acto de presencia o a que empieces a ponerte muy nervioso. Tienes que superar ese miedo y para ello tienes que sentirlo. Una vez est\u00e9s en la situaci\u00f3n piensa en por qu\u00e9 tienes ese miedo, \u00bfte va a pasar algo malo de verdad? \u00bfEst\u00e1s en peligro real?<\/li><\/ul>\n\n\n\n<p>Es importante mencionar que para enfrentarse al miedo ponerse en la situaci\u00f3n que lo desencadena as\u00ed de golpe puede causar una reacci\u00f3n muy fuerte. Por eso, hay que ir acerc\u00e1ndose al miedo de una manera gradual. Hablar con un profesional puede servir de mucha ayuda. Ya que te brindar\u00e1 las herramientas necesarias para hacerlo de la manera que mejor te vaya a ti.<\/p>\n\n\n\n<p>-Jos\u00e9 Mar\u00eda Tabares-<\/p>\n","protected":false},"excerpt":{"rendered":"<p>Est\u00e1 ah\u00ed desde que nacemos hasta el mism\u00edsimo d\u00eda de nuestra muerte. Por ello, se antoja muy importante saber convivir con \u00e9l y aceptar que siempre nos acompa\u00f1ar\u00e1 en cualquier decisi\u00f3n que tomemos, por peque\u00f1a que sea. Por eso, aunque en ocasiones este sentimiento nos desborde, es importante aprender a vencer el miedo para que este no nos paralice&#8230;<\/p>\n","protected":false},"author":4,"featured_media":39566,"comment_status":"open","ping_status":"open","sticky":false,"template":"","format":"standard","meta":{"footnotes":""},"categories":[99],"tags":[],"class_list":["post-39565","post","type-post","status-publish","format-standard","has-post-thumbnail","hentry","category-mensajespositivos"],"yoast_head":"<!-- This site is optimized with the Yoast SEO plugin v27.4 - https:\/\/yoast.com\/product\/yoast-seo-wordpress\/ -->\n<title>\u00bfC\u00f3mo Podemos Vencer El Miedo? - Pienso En Positivo<\/title>\n<meta name=\"robots\" content=\"index, follow, max-snippet:-1, max-image-preview:large, max-video-preview:-1\" \/>\n<link rel=\"canonical\" href=\"https:\/\/yopiensoenpositivo.com\/online\/como-podemos-vencer-el-miedo\/\" \/>\n<meta property=\"og:locale\" content=\"es_ES\" \/>\n<meta property=\"og:type\" content=\"article\" \/>\n<meta property=\"og:title\" content=\"\u00bfC\u00f3mo Podemos Vencer El Miedo? - Pienso En Positivo\" \/>\n<meta property=\"og:description\" content=\"Est\u00e1 ah\u00ed desde que nacemos hasta el mism\u00edsimo d\u00eda de nuestra muerte. Por ello, se antoja muy importante saber convivir con \u00e9l y aceptar que siempre nos acompa\u00f1ar\u00e1 en cualquier decisi\u00f3n que tomemos, por peque\u00f1a que sea. Por eso, aunque en ocasiones este sentimiento nos desborde, es importante aprender a vencer el miedo para que este no nos paralice...\" \/>\n<meta property=\"og:url\" content=\"https:\/\/yopiensoenpositivo.com\/online\/como-podemos-vencer-el-miedo\/\" \/>\n<meta property=\"og:site_name\" content=\"Pienso En Positivo\" \/>\n<meta property=\"article:published_time\" content=\"2019-11-11T23:53:40+00:00\" \/>\n<meta property=\"article:modified_time\" content=\"2021-12-18T00:32:19+00:00\" \/>\n<meta property=\"og:image\" content=\"https:\/\/yopiensoenpositivo.com\/online\/wp-content\/uploads\/2019\/11\/vencermiedo.jpg\" \/>\n\t<meta property=\"og:image:width\" content=\"800\" \/>\n\t<meta property=\"og:image:height\" content=\"600\" \/>\n\t<meta property=\"og:image:type\" content=\"image\/jpeg\" \/>\n<meta name=\"author\" content=\"Pienso en positivo\" \/>\n<meta name=\"twitter:card\" content=\"summary_large_image\" \/>\n<meta name=\"twitter:label1\" content=\"Escrito por\" \/>\n\t<meta name=\"twitter:data1\" content=\"Pienso en positivo\" \/>\n\t<meta name=\"twitter:label2\" content=\"Tiempo de lectura\" \/>\n\t<meta name=\"twitter:data2\" content=\"3 minutos\" \/>\n<script type=\"application\/ld+json\" class=\"yoast-schema-graph\">{\"@context\":\"https:\\\/\\\/schema.org\",\"@graph\":[{\"@type\":\"Article\",\"@id\":\"https:\\\/\\\/yopiensoenpositivo.com\\\/online\\\/como-podemos-vencer-el-miedo\\\/#article\",\"isPartOf\":{\"@id\":\"https:\\\/\\\/yopiensoenpositivo.com\\\/online\\\/como-podemos-vencer-el-miedo\\\/\"},\"author\":{\"name\":\"Pienso en positivo\",\"@id\":\"https:\\\/\\\/yopiensoenpositivo.com\\\/online\\\/#\\\/schema\\\/person\\\/5b0294f44521e63e12f78f8522f15fbf\"},\"headline\":\"\u00bfC\u00f3mo Podemos Vencer El Miedo?\",\"datePublished\":\"2019-11-11T23:53:40+00:00\",\"dateModified\":\"2021-12-18T00:32:19+00:00\",\"mainEntityOfPage\":{\"@id\":\"https:\\\/\\\/yopiensoenpositivo.com\\\/online\\\/como-podemos-vencer-el-miedo\\\/\"},\"wordCount\":542,\"commentCount\":0,\"image\":{\"@id\":\"https:\\\/\\\/yopiensoenpositivo.com\\\/online\\\/como-podemos-vencer-el-miedo\\\/#primaryimage\"},\"thumbnailUrl\":\"https:\\\/\\\/yopiensoenpositivo.com\\\/online\\\/wp-content\\\/uploads\\\/2019\\\/11\\\/vencermiedo.jpg\",\"articleSection\":[\"Mensajes positivos\"],\"inLanguage\":\"es\",\"potentialAction\":[{\"@type\":\"CommentAction\",\"name\":\"Comment\",\"target\":[\"https:\\\/\\\/yopiensoenpositivo.com\\\/online\\\/como-podemos-vencer-el-miedo\\\/#respond\"]}]},{\"@type\":\"WebPage\",\"@id\":\"https:\\\/\\\/yopiensoenpositivo.com\\\/online\\\/como-podemos-vencer-el-miedo\\\/\",\"url\":\"https:\\\/\\\/yopiensoenpositivo.com\\\/online\\\/como-podemos-vencer-el-miedo\\\/\",\"name\":\"\u00bfC\u00f3mo Podemos Vencer El Miedo? - Pienso En Positivo\",\"isPartOf\":{\"@id\":\"https:\\\/\\\/yopiensoenpositivo.com\\\/online\\\/#website\"},\"primaryImageOfPage\":{\"@id\":\"https:\\\/\\\/yopiensoenpositivo.com\\\/online\\\/como-podemos-vencer-el-miedo\\\/#primaryimage\"},\"image\":{\"@id\":\"https:\\\/\\\/yopiensoenpositivo.com\\\/online\\\/como-podemos-vencer-el-miedo\\\/#primaryimage\"},\"thumbnailUrl\":\"https:\\\/\\\/yopiensoenpositivo.com\\\/online\\\/wp-content\\\/uploads\\\/2019\\\/11\\\/vencermiedo.jpg\",\"datePublished\":\"2019-11-11T23:53:40+00:00\",\"dateModified\":\"2021-12-18T00:32:19+00:00\",\"author\":{\"@id\":\"https:\\\/\\\/yopiensoenpositivo.com\\\/online\\\/#\\\/schema\\\/person\\\/5b0294f44521e63e12f78f8522f15fbf\"},\"breadcrumb\":{\"@id\":\"https:\\\/\\\/yopiensoenpositivo.com\\\/online\\\/como-podemos-vencer-el-miedo\\\/#breadcrumb\"},\"inLanguage\":\"es\",\"potentialAction\":[{\"@type\":\"ReadAction\",\"target\":[\"https:\\\/\\\/yopiensoenpositivo.com\\\/online\\\/como-podemos-vencer-el-miedo\\\/\"]}]},{\"@type\":\"ImageObject\",\"inLanguage\":\"es\",\"@id\":\"https:\\\/\\\/yopiensoenpositivo.com\\\/online\\\/como-podemos-vencer-el-miedo\\\/#primaryimage\",\"url\":\"https:\\\/\\\/yopiensoenpositivo.com\\\/online\\\/wp-content\\\/uploads\\\/2019\\\/11\\\/vencermiedo.jpg\",\"contentUrl\":\"https:\\\/\\\/yopiensoenpositivo.com\\\/online\\\/wp-content\\\/uploads\\\/2019\\\/11\\\/vencermiedo.jpg\",\"width\":800,\"height\":600},{\"@type\":\"BreadcrumbList\",\"@id\":\"https:\\\/\\\/yopiensoenpositivo.com\\\/online\\\/como-podemos-vencer-el-miedo\\\/#breadcrumb\",\"itemListElement\":[{\"@type\":\"ListItem\",\"position\":1,\"name\":\"Portada\",\"item\":\"https:\\\/\\\/yopiensoenpositivo.com\\\/online\\\/\"},{\"@type\":\"ListItem\",\"position\":2,\"name\":\"\u00bfC\u00f3mo Podemos Vencer El Miedo?\"}]},{\"@type\":\"WebSite\",\"@id\":\"https:\\\/\\\/yopiensoenpositivo.com\\\/online\\\/#website\",\"url\":\"https:\\\/\\\/yopiensoenpositivo.com\\\/online\\\/\",\"name\":\"Pienso En Positivo\",\"description\":\"Te ayudamos a vivir y pensar en positivo\",\"potentialAction\":[{\"@type\":\"SearchAction\",\"target\":{\"@type\":\"EntryPoint\",\"urlTemplate\":\"https:\\\/\\\/yopiensoenpositivo.com\\\/online\\\/?s={search_term_string}\"},\"query-input\":{\"@type\":\"PropertyValueSpecification\",\"valueRequired\":true,\"valueName\":\"search_term_string\"}}],\"inLanguage\":\"es\"},{\"@type\":\"Person\",\"@id\":\"https:\\\/\\\/yopiensoenpositivo.com\\\/online\\\/#\\\/schema\\\/person\\\/5b0294f44521e63e12f78f8522f15fbf\",\"name\":\"Pienso en positivo\",\"image\":{\"@type\":\"ImageObject\",\"inLanguage\":\"es\",\"@id\":\"https:\\\/\\\/secure.gravatar.com\\\/avatar\\\/35fff5dad79ce1b037f152f27237cc592a95d286414e06ada68902451142a1f2?s=96&d=mm&r=g\",\"url\":\"https:\\\/\\\/secure.gravatar.com\\\/avatar\\\/35fff5dad79ce1b037f152f27237cc592a95d286414e06ada68902451142a1f2?s=96&d=mm&r=g\",\"contentUrl\":\"https:\\\/\\\/secure.gravatar.com\\\/avatar\\\/35fff5dad79ce1b037f152f27237cc592a95d286414e06ada68902451142a1f2?s=96&d=mm&r=g\",\"caption\":\"Pienso en positivo\"},\"url\":\"https:\\\/\\\/yopiensoenpositivo.com\\\/online\\\/author\\\/pienso-en-positivo\\\/\"}]}<\/script>\n<!-- \/ Yoast SEO plugin. -->","yoast_head_json":{"title":"\u00bfC\u00f3mo Podemos Vencer El Miedo? - Pienso En Positivo","robots":{"index":"index","follow":"follow","max-snippet":"max-snippet:-1","max-image-preview":"max-image-preview:large","max-video-preview":"max-video-preview:-1"},"canonical":"https:\/\/yopiensoenpositivo.com\/online\/como-podemos-vencer-el-miedo\/","og_locale":"es_ES","og_type":"article","og_title":"\u00bfC\u00f3mo Podemos Vencer El Miedo? - Pienso En Positivo","og_description":"Est\u00e1 ah\u00ed desde que nacemos hasta el mism\u00edsimo d\u00eda de nuestra muerte. Por ello, se antoja muy importante saber convivir con \u00e9l y aceptar que siempre nos acompa\u00f1ar\u00e1 en cualquier decisi\u00f3n que tomemos, por peque\u00f1a que sea. Por eso, aunque en ocasiones este sentimiento nos desborde, es importante aprender a vencer el miedo para que este no nos paralice...","og_url":"https:\/\/yopiensoenpositivo.com\/online\/como-podemos-vencer-el-miedo\/","og_site_name":"Pienso En Positivo","article_published_time":"2019-11-11T23:53:40+00:00","article_modified_time":"2021-12-18T00:32:19+00:00","og_image":[{"width":800,"height":600,"url":"https:\/\/yopiensoenpositivo.com\/online\/wp-content\/uploads\/2019\/11\/vencermiedo.jpg","type":"image\/jpeg"}],"author":"Pienso en positivo","twitter_card":"summary_large_image","twitter_misc":{"Escrito por":"Pienso en positivo","Tiempo de lectura":"3 minutos"},"schema":{"@context":"https:\/\/schema.org","@graph":[{"@type":"Article","@id":"https:\/\/yopiensoenpositivo.com\/online\/como-podemos-vencer-el-miedo\/#article","isPartOf":{"@id":"https:\/\/yopiensoenpositivo.com\/online\/como-podemos-vencer-el-miedo\/"},"author":{"name":"Pienso en positivo","@id":"https:\/\/yopiensoenpositivo.com\/online\/#\/schema\/person\/5b0294f44521e63e12f78f8522f15fbf"},"headline":"\u00bfC\u00f3mo Podemos Vencer El Miedo?","datePublished":"2019-11-11T23:53:40+00:00","dateModified":"2021-12-18T00:32:19+00:00","mainEntityOfPage":{"@id":"https:\/\/yopiensoenpositivo.com\/online\/como-podemos-vencer-el-miedo\/"},"wordCount":542,"commentCount":0,"image":{"@id":"https:\/\/yopiensoenpositivo.com\/online\/como-podemos-vencer-el-miedo\/#primaryimage"},"thumbnailUrl":"https:\/\/yopiensoenpositivo.com\/online\/wp-content\/uploads\/2019\/11\/vencermiedo.jpg","articleSection":["Mensajes positivos"],"inLanguage":"es","potentialAction":[{"@type":"CommentAction","name":"Comment","target":["https:\/\/yopiensoenpositivo.com\/online\/como-podemos-vencer-el-miedo\/#respond"]}]},{"@type":"WebPage","@id":"https:\/\/yopiensoenpositivo.com\/online\/como-podemos-vencer-el-miedo\/","url":"https:\/\/yopiensoenpositivo.com\/online\/como-podemos-vencer-el-miedo\/","name":"\u00bfC\u00f3mo Podemos Vencer El Miedo? - Pienso En Positivo","isPartOf":{"@id":"https:\/\/yopiensoenpositivo.com\/online\/#website"},"primaryImageOfPage":{"@id":"https:\/\/yopiensoenpositivo.com\/online\/como-podemos-vencer-el-miedo\/#primaryimage"},"image":{"@id":"https:\/\/yopiensoenpositivo.com\/online\/como-podemos-vencer-el-miedo\/#primaryimage"},"thumbnailUrl":"https:\/\/yopiensoenpositivo.com\/online\/wp-content\/uploads\/2019\/11\/vencermiedo.jpg","datePublished":"2019-11-11T23:53:40+00:00","dateModified":"2021-12-18T00:32:19+00:00","author":{"@id":"https:\/\/yopiensoenpositivo.com\/online\/#\/schema\/person\/5b0294f44521e63e12f78f8522f15fbf"},"breadcrumb":{"@id":"https:\/\/yopiensoenpositivo.com\/online\/como-podemos-vencer-el-miedo\/#breadcrumb"},"inLanguage":"es","potentialAction":[{"@type":"ReadAction","target":["https:\/\/yopiensoenpositivo.com\/online\/como-podemos-vencer-el-miedo\/"]}]},{"@type":"ImageObject","inLanguage":"es","@id":"https:\/\/yopiensoenpositivo.com\/online\/como-podemos-vencer-el-miedo\/#primaryimage","url":"https:\/\/yopiensoenpositivo.com\/online\/wp-content\/uploads\/2019\/11\/vencermiedo.jpg","contentUrl":"https:\/\/yopiensoenpositivo.com\/online\/wp-content\/uploads\/2019\/11\/vencermiedo.jpg","width":800,"height":600},{"@type":"BreadcrumbList","@id":"https:\/\/yopiensoenpositivo.com\/online\/como-podemos-vencer-el-miedo\/#breadcrumb","itemListElement":[{"@type":"ListItem","position":1,"name":"Portada","item":"https:\/\/yopiensoenpositivo.com\/online\/"},{"@type":"ListItem","position":2,"name":"\u00bfC\u00f3mo Podemos Vencer El Miedo?"}]},{"@type":"WebSite","@id":"https:\/\/yopiensoenpositivo.com\/online\/#website","url":"https:\/\/yopiensoenpositivo.com\/online\/","name":"Pienso En Positivo","description":"Te ayudamos a vivir y pensar en positivo","potentialAction":[{"@type":"SearchAction","target":{"@type":"EntryPoint","urlTemplate":"https:\/\/yopiensoenpositivo.com\/online\/?s={search_term_string}"},"query-input":{"@type":"PropertyValueSpecification","valueRequired":true,"valueName":"search_term_string"}}],"inLanguage":"es"},{"@type":"Person","@id":"https:\/\/yopiensoenpositivo.com\/online\/#\/schema\/person\/5b0294f44521e63e12f78f8522f15fbf","name":"Pienso en positivo","image":{"@type":"ImageObject","inLanguage":"es","@id":"https:\/\/secure.gravatar.com\/avatar\/35fff5dad79ce1b037f152f27237cc592a95d286414e06ada68902451142a1f2?s=96&d=mm&r=g","url":"https:\/\/secure.gravatar.com\/avatar\/35fff5dad79ce1b037f152f27237cc592a95d286414e06ada68902451142a1f2?s=96&d=mm&r=g","contentUrl":"https:\/\/secure.gravatar.com\/avatar\/35fff5dad79ce1b037f152f27237cc592a95d286414e06ada68902451142a1f2?s=96&d=mm&r=g","caption":"Pienso en positivo"},"url":"https:\/\/yopiensoenpositivo.com\/online\/author\/pienso-en-positivo\/"}]}},"post_mailing_queue_ids":[],"_links":{"self":[{"href":"https:\/\/yopiensoenpositivo.com\/online\/wp-json\/wp\/v2\/posts\/39565","targetHints":{"allow":["GET"]}}],"collection":[{"href":"https:\/\/yopiensoenpositivo.com\/online\/wp-json\/wp\/v2\/posts"}],"about":[{"href":"https:\/\/yopiensoenpositivo.com\/online\/wp-json\/wp\/v2\/types\/post"}],"author":[{"embeddable":true,"href":"https:\/\/yopiensoenpositivo.com\/online\/wp-json\/wp\/v2\/users\/4"}],"replies":[{"embeddable":true,"href":"https:\/\/yopiensoenpositivo.com\/online\/wp-json\/wp\/v2\/comments?post=39565"}],"version-history":[{"count":1,"href":"https:\/\/yopiensoenpositivo.com\/online\/wp-json\/wp\/v2\/posts\/39565\/revisions"}],"predecessor-version":[{"id":39692,"href":"https:\/\/yopiensoenpositivo.com\/online\/wp-json\/wp\/v2\/posts\/39565\/revisions\/39692"}],"wp:featuredmedia":[{"embeddable":true,"href":"https:\/\/yopiensoenpositivo.com\/online\/wp-json\/wp\/v2\/media\/39566"}],"wp:attachment":[{"href":"https:\/\/yopiensoenpositivo.com\/online\/wp-json\/wp\/v2\/media?parent=39565"}],"wp:term":[{"taxonomy":"category","embeddable":true,"href":"https:\/\/yopiensoenpositivo.com\/online\/wp-json\/wp\/v2\/categories?post=39565"},{"taxonomy":"post_tag","embeddable":true,"href":"https:\/\/yopiensoenpositivo.com\/online\/wp-json\/wp\/v2\/tags?post=39565"}],"curies":[{"name":"wp","href":"https:\/\/api.w.org\/{rel}","templated":true}]}}