{"id":39559,"date":"2019-11-12T00:41:01","date_gmt":"2019-11-12T00:41:01","guid":{"rendered":"https:\/\/yopiensoenpositivo.com\/online\/?p=1562"},"modified":"2021-12-18T00:31:03","modified_gmt":"2021-12-18T00:31:03","slug":"los-ciclos-de-la-vida","status":"publish","type":"post","link":"https:\/\/yopiensoenpositivo.com\/online\/los-ciclos-de-la-vida\/","title":{"rendered":"Los Ciclos De La Vida"},"content":{"rendered":"\n<p><strong>Los ciclos de la vida<\/strong><\/p>\n\n\n\n<p>La vida es una secuencia de ciclos que marcan las etapas de nuestro camino. Es interesante conocer en qu\u00e9 momento vital te encuentras y cu\u00e1l es la llamada de la etapa que te toca vivir. Un caso claro de falta de ubicaci\u00f3n en el ciclo de la vida se da cuando rompemos una relaci\u00f3n y, en lugar de atravesar las emociones que se desatan en nuestro interior, eludimos nuestra responsabilidad de adultos y nos dedicamos a esquivar el proceso de duelo que tenemos que experimentar.<\/p>\n\n\n\n<p>Cada momento de la vida nos ofrece algo diferente y, si no atravesamos los ciclos vitales cuando corresponde, podemos desarrollar un sentimiento de no pertenencia. Esta sociedad, en l\u00edneas generales, parece que tiene demasiada prisa en que ciertas etapas de la vida se pasen cuanto antes, y las acorta. Esto nos conduce a un gran cambio como sociedad: ni\u00f1os (por edad) comport\u00e1ndose como adultos, yendo a sitios de adultos y vistiendo como adultos.<\/p>\n\n\n\n<p>Mientras esto sucede, vemos tambi\u00e9n la otra cara de la moneda, es decir, adultos que se comportan como adolescentes con personalidades muy cambiantes. Esta realidad es algo desconcertante y nos puede pasar alta factura como sociedad. Detr\u00e1s de la incapacidad de vivir las etapas que nos tocan en cada momento, se esconde una falta de madurez evidente y una imposibilidad para disfrutar de la vida que tenemos en ese instante.<\/p>\n\n\n\n<p><strong>Hasta los 7 a\u00f1os<\/strong>, estamos en el mundo del pensamiento m\u00e1gico. La imaginaci\u00f3n en esta etapa nos permite vivir en una realidad propia y paralela en la que todo es posible. En esta etapa inventamos, exploramos y so\u00f1amos. Cuanto m\u00e1s potenciemos estas tres facetas, m\u00e1s recursos tendremos en nuestra etapa adulta para crear circunstancias que vayan en nuestro favor.<\/p>\n\n\n\n<p><strong>Desde los 7 hasta los 12 a\u00f1os<\/strong>, entramos en el periodo de la ni\u00f1ez intermedia. Seguimos siendo ni\u00f1os, pero en nuestro mundo ya hay reglas, bajamos a la realidad y somos mucho m\u00e1s conscientes de las consecuencias de nuestros actos.<\/p>\n\n\n\n<p><strong>De los 12 a\u00f1os a los 14 a\u00f1os<\/strong>, nos introducimos en la etapa de la pubertad de lleno, aunque se haya podido iniciar antes. Los cambios f\u00edsicos se van manifestando y la inseguridad por las presiones del entorno aumenta.<\/p>\n\n\n\n<p><strong>A partir de los 14 a\u00f1os<\/strong>, podemos hablar de etapa adolescente clara, aunque sabemos que puede comenzar un poco antes. En esta edad nos queremos desprender de todo lo que nos recuerda a nuestra infancia. Es como si oficialmente estuvi\u00e9ramos en otra categor\u00eda.<\/p>\n\n\n\n<p>Las preguntas acerca de nuestra identidad se hacen cada vez m\u00e1s hueco en nuestra vida. Nuestro despertar hacia las cuestiones sentimentales es cada vez mayor y comenzamos a interpretar lo que nos sucede en este campo, conformando creencias acerca de nosotros, de las relaciones y del amor.<\/p>\n\n\n\n<p><strong>De los 20 a los 30 a\u00f1os<\/strong>&nbsp;estamos cargados de energ\u00eda. Pensamos en grande y nos imaginamos una vida plagada de \u00e9xitos. Es la etapa de estreno en el mundo adulto. Comenzamos a trabajar y experimentamos nuestro valor en el campo laboral. En esta franja nos encanta cambiar de empresa y nos enorgullece que nos ofrezcan m\u00e1s responsabilidades.<\/p>\n\n\n\n<p>Las relaciones sentimentales se vuelven m\u00e1s serias que en la etapa anterior. Hace a\u00f1os \u00e9ste era el momento elegido por las personas para estabilizarse sentimentalmente y para construir una familia. Hoy d\u00eda, en esta etapa, la mayor\u00eda de las personas est\u00e1n enfocadas en su carrera profesional y en tener experiencias amplias y jugosas de la vida.<\/p>\n\n\n\n<p><strong>De los 30 a los 40 a\u00f1os<\/strong>&nbsp;es cuando nos damos cuenta de que somos adultos y empezamos a pensar en la estabilidad laboral y sentimental. Es la \u00e9poca de los hijos, de querer echar ra\u00edces, y todo lo que hayamos construido en esta d\u00e9cada lo establecemos como base inamovible.<\/p>\n\n\n\n<p>Por eso, en esta etapa, las rupturas sentimentales son tan complicadas de superar. Cuando rompemos en esta franja de edad entramos en una crisis de identidad que nos hace cuestionarnos el prop\u00f3sito de nuestra vida y nos preguntamos el sentido de todo lo que nos rodea.<\/p>\n\n\n\n<p>Dicen que&nbsp;<strong>de los 40 a los 55<\/strong>&nbsp;sale a relucir el mayor potencial del ser humano. Hemos acumulado experiencias y vivencias, y tenemos energ\u00eda, lo que, unido a la templanza y serenidad que nos otorga el tiempo, nos proporciona el estado ideal para la consecuci\u00f3n de metas. \u00c9sta es una etapa de cambios, y en ella tambi\u00e9n aparecen las crisis sentimentales que pueden desembocar en rupturas.<\/p>\n\n\n\n<p><strong>A partir de los 55 a\u00f1os<\/strong>&nbsp;se priorizan las cuestiones vitales y cuidamos los v\u00ednculos afectivos. No atravesar correctamente cada etapa puede conducirnos a una crisis en estas edades que nos haga renegar de la edad que tenemos, comport\u00e1ndonos de una forma rocambolesca o buscando compa\u00f1\u00edas de personas m\u00e1s j\u00f3venes que nosotros, tratando de cerrar los ojos a nuestra propia realidad.<\/p>\n\n\n\n<p>Dado que la esperanza de vida ha aumentado significativamente, el atardecer de la vida se ha alargado y se abren nuevas etapas donde la sabidur\u00eda y la despreocupaci\u00f3n por los asuntos m\u00e1s mundanos, que antes eran el centro de nuestras inquietudes, se dan la mano.<\/p>\n\n\n\n<p>\u00bfQu\u00e9 edad tienes en este momento y en qu\u00e9 ciclo vital te ubicas? \u00bfTe identificas con los rasgos generales que describen tu ciclo o piensas que est\u00e1s algo fuera de lo que te toca? Los ciclos vitales no son normas a seguir a rajatabla, sino gu\u00edas para que comprendas qu\u00e9 puede estar causando desconcierto en tu vida en este momento.<\/p>\n\n\n\n<p>Si tienes 45 a\u00f1os, has roto tu relaci\u00f3n y te dedicas a salir por las noches con la frecuencia de una persona de 23 a\u00f1os pensando que, de esa manera, te evadir\u00e1s de tu sufrimiento, me da la sensaci\u00f3n de que est\u00e1s algo fuera de la rueda de tu ciclo y de que te est\u00e1s auto enga\u00f1ando. \u00bfQu\u00e9 buscas? \u00bfQu\u00e9 no encuentras? Puede que te acompa\u00f1e alg\u00fan amigo o amiga en tus salidas, pero ver\u00e1s c\u00f3mo no siempre encuentras a alguien que pueda quedar contigo.<\/p>\n\n\n\n<p>No estoy juzgando el comportamiento de nadie, lo que quiero es que no te escapes del trabajo de recuperaci\u00f3n de ti mismo que puedes hacer viviendo ese duelo que te est\u00e1 esperando, que no ha venido para hacerte ning\u00fan mal, todo lo contrario.<\/p>\n\n\n\n<p>\u00bfPara qu\u00e9 sales, si a veces no te apetece? \u00bfHas tenido la sensaci\u00f3n de estar en un sitio o reuni\u00f3n de amigos y tener unas ganas locas de irte a casa a estar contigo? \u00bfC\u00f3mo te sientes cuando tus continuos planes tienen como misi\u00f3n el evitar atravesar la fase del proceso de duelo que conlleva una ruptura sentimental? \u00bfA qu\u00e9 tienes miedo?<\/p>\n\n\n\n<p>Aunque todas las rupturas son dolorosas, es importante que te ubiques dentro de tu ciclo como parte del proceso de superaci\u00f3n de la ruptura. Se dan casos de personas que est\u00e1n en una etapa de su vida determinada y, tras la ruptura, realizan actividades y tienen comportamientos propios de otros momentos de la vida.<\/p>\n\n\n\n<p>La raz\u00f3n estriba en la confusi\u00f3n y en la p\u00e9rdida de identidad que conlleva una ruptura, lo cual nos puede llevar a sentirnos en tierra de nadie, ocupando territorios m\u00e1s propios de otras edades. Atr\u00e9vete a conquistar el terreno que te pertenece.<\/p>\n\n\n\n<p>Helena Lopez&nbsp;<\/p>\n\n\n\n<p>Writer, Transpersonal Coach<\/p>\n","protected":false},"excerpt":{"rendered":"<p>La vida es una secuencia de ciclos que marcan las etapas de nuestro camino. Es interesante conocer en qu\u00e9 momento vital te encuentras y cu\u00e1l es la llamada de la etapa que te toca vivir. Un caso claro de falta de ubicaci\u00f3n en el ciclo de la vida se da cuando rompemos una relaci\u00f3n y, en lugar de atravesar las emociones que se desatan en nuestro interior, eludimos nuestra responsabilidad de adultos y nos dedicamos a esquivar el proceso de duelo que tenemos que experimentar&#8230;<\/p>\n","protected":false},"author":4,"featured_media":39560,"comment_status":"open","ping_status":"open","sticky":false,"template":"","format":"standard","meta":{"footnotes":""},"categories":[99],"tags":[],"class_list":["post-39559","post","type-post","status-publish","format-standard","has-post-thumbnail","hentry","category-mensajespositivos"],"yoast_head":"<!-- This site is optimized with the Yoast SEO plugin v27.4 - https:\/\/yoast.com\/product\/yoast-seo-wordpress\/ -->\n<title>Los Ciclos De La Vida - Pienso En Positivo<\/title>\n<meta name=\"robots\" content=\"index, follow, max-snippet:-1, max-image-preview:large, max-video-preview:-1\" \/>\n<link rel=\"canonical\" href=\"https:\/\/yopiensoenpositivo.com\/online\/los-ciclos-de-la-vida\/\" \/>\n<meta property=\"og:locale\" content=\"es_ES\" \/>\n<meta property=\"og:type\" content=\"article\" \/>\n<meta property=\"og:title\" content=\"Los Ciclos De La Vida - Pienso En Positivo\" \/>\n<meta property=\"og:description\" content=\"La vida es una secuencia de ciclos que marcan las etapas de nuestro camino. Es interesante conocer en qu\u00e9 momento vital te encuentras y cu\u00e1l es la llamada de la etapa que te toca vivir. Un caso claro de falta de ubicaci\u00f3n en el ciclo de la vida se da cuando rompemos una relaci\u00f3n y, en lugar de atravesar las emociones que se desatan en nuestro interior, eludimos nuestra responsabilidad de adultos y nos dedicamos a esquivar el proceso de duelo que tenemos que experimentar...\" \/>\n<meta property=\"og:url\" content=\"https:\/\/yopiensoenpositivo.com\/online\/los-ciclos-de-la-vida\/\" \/>\n<meta property=\"og:site_name\" content=\"Pienso En Positivo\" \/>\n<meta property=\"article:published_time\" content=\"2019-11-12T00:41:01+00:00\" \/>\n<meta property=\"article:modified_time\" content=\"2021-12-18T00:31:03+00:00\" \/>\n<meta property=\"og:image\" content=\"https:\/\/yopiensoenpositivo.com\/online\/wp-content\/uploads\/2019\/11\/ciclos.jpg\" \/>\n\t<meta property=\"og:image:width\" content=\"800\" \/>\n\t<meta property=\"og:image:height\" content=\"600\" \/>\n\t<meta property=\"og:image:type\" content=\"image\/jpeg\" \/>\n<meta name=\"author\" content=\"Pienso en positivo\" \/>\n<meta name=\"twitter:card\" content=\"summary_large_image\" \/>\n<meta name=\"twitter:label1\" content=\"Escrito por\" \/>\n\t<meta name=\"twitter:data1\" content=\"Pienso en positivo\" \/>\n\t<meta name=\"twitter:label2\" content=\"Tiempo de lectura\" \/>\n\t<meta name=\"twitter:data2\" content=\"6 minutos\" \/>\n<script type=\"application\/ld+json\" class=\"yoast-schema-graph\">{\"@context\":\"https:\\\/\\\/schema.org\",\"@graph\":[{\"@type\":\"Article\",\"@id\":\"https:\\\/\\\/yopiensoenpositivo.com\\\/online\\\/los-ciclos-de-la-vida\\\/#article\",\"isPartOf\":{\"@id\":\"https:\\\/\\\/yopiensoenpositivo.com\\\/online\\\/los-ciclos-de-la-vida\\\/\"},\"author\":{\"name\":\"Pienso en positivo\",\"@id\":\"https:\\\/\\\/yopiensoenpositivo.com\\\/online\\\/#\\\/schema\\\/person\\\/5b0294f44521e63e12f78f8522f15fbf\"},\"headline\":\"Los Ciclos De La Vida\",\"datePublished\":\"2019-11-12T00:41:01+00:00\",\"dateModified\":\"2021-12-18T00:31:03+00:00\",\"mainEntityOfPage\":{\"@id\":\"https:\\\/\\\/yopiensoenpositivo.com\\\/online\\\/los-ciclos-de-la-vida\\\/\"},\"wordCount\":1267,\"commentCount\":0,\"image\":{\"@id\":\"https:\\\/\\\/yopiensoenpositivo.com\\\/online\\\/los-ciclos-de-la-vida\\\/#primaryimage\"},\"thumbnailUrl\":\"https:\\\/\\\/yopiensoenpositivo.com\\\/online\\\/wp-content\\\/uploads\\\/2019\\\/11\\\/ciclos.jpg\",\"articleSection\":[\"Mensajes positivos\"],\"inLanguage\":\"es\",\"potentialAction\":[{\"@type\":\"CommentAction\",\"name\":\"Comment\",\"target\":[\"https:\\\/\\\/yopiensoenpositivo.com\\\/online\\\/los-ciclos-de-la-vida\\\/#respond\"]}]},{\"@type\":\"WebPage\",\"@id\":\"https:\\\/\\\/yopiensoenpositivo.com\\\/online\\\/los-ciclos-de-la-vida\\\/\",\"url\":\"https:\\\/\\\/yopiensoenpositivo.com\\\/online\\\/los-ciclos-de-la-vida\\\/\",\"name\":\"Los Ciclos De La Vida - Pienso En Positivo\",\"isPartOf\":{\"@id\":\"https:\\\/\\\/yopiensoenpositivo.com\\\/online\\\/#website\"},\"primaryImageOfPage\":{\"@id\":\"https:\\\/\\\/yopiensoenpositivo.com\\\/online\\\/los-ciclos-de-la-vida\\\/#primaryimage\"},\"image\":{\"@id\":\"https:\\\/\\\/yopiensoenpositivo.com\\\/online\\\/los-ciclos-de-la-vida\\\/#primaryimage\"},\"thumbnailUrl\":\"https:\\\/\\\/yopiensoenpositivo.com\\\/online\\\/wp-content\\\/uploads\\\/2019\\\/11\\\/ciclos.jpg\",\"datePublished\":\"2019-11-12T00:41:01+00:00\",\"dateModified\":\"2021-12-18T00:31:03+00:00\",\"author\":{\"@id\":\"https:\\\/\\\/yopiensoenpositivo.com\\\/online\\\/#\\\/schema\\\/person\\\/5b0294f44521e63e12f78f8522f15fbf\"},\"breadcrumb\":{\"@id\":\"https:\\\/\\\/yopiensoenpositivo.com\\\/online\\\/los-ciclos-de-la-vida\\\/#breadcrumb\"},\"inLanguage\":\"es\",\"potentialAction\":[{\"@type\":\"ReadAction\",\"target\":[\"https:\\\/\\\/yopiensoenpositivo.com\\\/online\\\/los-ciclos-de-la-vida\\\/\"]}]},{\"@type\":\"ImageObject\",\"inLanguage\":\"es\",\"@id\":\"https:\\\/\\\/yopiensoenpositivo.com\\\/online\\\/los-ciclos-de-la-vida\\\/#primaryimage\",\"url\":\"https:\\\/\\\/yopiensoenpositivo.com\\\/online\\\/wp-content\\\/uploads\\\/2019\\\/11\\\/ciclos.jpg\",\"contentUrl\":\"https:\\\/\\\/yopiensoenpositivo.com\\\/online\\\/wp-content\\\/uploads\\\/2019\\\/11\\\/ciclos.jpg\",\"width\":800,\"height\":600},{\"@type\":\"BreadcrumbList\",\"@id\":\"https:\\\/\\\/yopiensoenpositivo.com\\\/online\\\/los-ciclos-de-la-vida\\\/#breadcrumb\",\"itemListElement\":[{\"@type\":\"ListItem\",\"position\":1,\"name\":\"Portada\",\"item\":\"https:\\\/\\\/yopiensoenpositivo.com\\\/online\\\/\"},{\"@type\":\"ListItem\",\"position\":2,\"name\":\"Los Ciclos De La Vida\"}]},{\"@type\":\"WebSite\",\"@id\":\"https:\\\/\\\/yopiensoenpositivo.com\\\/online\\\/#website\",\"url\":\"https:\\\/\\\/yopiensoenpositivo.com\\\/online\\\/\",\"name\":\"Pienso En Positivo\",\"description\":\"Te ayudamos a vivir y pensar en positivo\",\"potentialAction\":[{\"@type\":\"SearchAction\",\"target\":{\"@type\":\"EntryPoint\",\"urlTemplate\":\"https:\\\/\\\/yopiensoenpositivo.com\\\/online\\\/?s={search_term_string}\"},\"query-input\":{\"@type\":\"PropertyValueSpecification\",\"valueRequired\":true,\"valueName\":\"search_term_string\"}}],\"inLanguage\":\"es\"},{\"@type\":\"Person\",\"@id\":\"https:\\\/\\\/yopiensoenpositivo.com\\\/online\\\/#\\\/schema\\\/person\\\/5b0294f44521e63e12f78f8522f15fbf\",\"name\":\"Pienso en positivo\",\"image\":{\"@type\":\"ImageObject\",\"inLanguage\":\"es\",\"@id\":\"https:\\\/\\\/secure.gravatar.com\\\/avatar\\\/35fff5dad79ce1b037f152f27237cc592a95d286414e06ada68902451142a1f2?s=96&d=mm&r=g\",\"url\":\"https:\\\/\\\/secure.gravatar.com\\\/avatar\\\/35fff5dad79ce1b037f152f27237cc592a95d286414e06ada68902451142a1f2?s=96&d=mm&r=g\",\"contentUrl\":\"https:\\\/\\\/secure.gravatar.com\\\/avatar\\\/35fff5dad79ce1b037f152f27237cc592a95d286414e06ada68902451142a1f2?s=96&d=mm&r=g\",\"caption\":\"Pienso en positivo\"},\"url\":\"https:\\\/\\\/yopiensoenpositivo.com\\\/online\\\/author\\\/pienso-en-positivo\\\/\"}]}<\/script>\n<!-- \/ Yoast SEO plugin. -->","yoast_head_json":{"title":"Los Ciclos De La Vida - Pienso En Positivo","robots":{"index":"index","follow":"follow","max-snippet":"max-snippet:-1","max-image-preview":"max-image-preview:large","max-video-preview":"max-video-preview:-1"},"canonical":"https:\/\/yopiensoenpositivo.com\/online\/los-ciclos-de-la-vida\/","og_locale":"es_ES","og_type":"article","og_title":"Los Ciclos De La Vida - Pienso En Positivo","og_description":"La vida es una secuencia de ciclos que marcan las etapas de nuestro camino. Es interesante conocer en qu\u00e9 momento vital te encuentras y cu\u00e1l es la llamada de la etapa que te toca vivir. Un caso claro de falta de ubicaci\u00f3n en el ciclo de la vida se da cuando rompemos una relaci\u00f3n y, en lugar de atravesar las emociones que se desatan en nuestro interior, eludimos nuestra responsabilidad de adultos y nos dedicamos a esquivar el proceso de duelo que tenemos que experimentar...","og_url":"https:\/\/yopiensoenpositivo.com\/online\/los-ciclos-de-la-vida\/","og_site_name":"Pienso En Positivo","article_published_time":"2019-11-12T00:41:01+00:00","article_modified_time":"2021-12-18T00:31:03+00:00","og_image":[{"width":800,"height":600,"url":"https:\/\/yopiensoenpositivo.com\/online\/wp-content\/uploads\/2019\/11\/ciclos.jpg","type":"image\/jpeg"}],"author":"Pienso en positivo","twitter_card":"summary_large_image","twitter_misc":{"Escrito por":"Pienso en positivo","Tiempo de lectura":"6 minutos"},"schema":{"@context":"https:\/\/schema.org","@graph":[{"@type":"Article","@id":"https:\/\/yopiensoenpositivo.com\/online\/los-ciclos-de-la-vida\/#article","isPartOf":{"@id":"https:\/\/yopiensoenpositivo.com\/online\/los-ciclos-de-la-vida\/"},"author":{"name":"Pienso en positivo","@id":"https:\/\/yopiensoenpositivo.com\/online\/#\/schema\/person\/5b0294f44521e63e12f78f8522f15fbf"},"headline":"Los Ciclos De La Vida","datePublished":"2019-11-12T00:41:01+00:00","dateModified":"2021-12-18T00:31:03+00:00","mainEntityOfPage":{"@id":"https:\/\/yopiensoenpositivo.com\/online\/los-ciclos-de-la-vida\/"},"wordCount":1267,"commentCount":0,"image":{"@id":"https:\/\/yopiensoenpositivo.com\/online\/los-ciclos-de-la-vida\/#primaryimage"},"thumbnailUrl":"https:\/\/yopiensoenpositivo.com\/online\/wp-content\/uploads\/2019\/11\/ciclos.jpg","articleSection":["Mensajes positivos"],"inLanguage":"es","potentialAction":[{"@type":"CommentAction","name":"Comment","target":["https:\/\/yopiensoenpositivo.com\/online\/los-ciclos-de-la-vida\/#respond"]}]},{"@type":"WebPage","@id":"https:\/\/yopiensoenpositivo.com\/online\/los-ciclos-de-la-vida\/","url":"https:\/\/yopiensoenpositivo.com\/online\/los-ciclos-de-la-vida\/","name":"Los Ciclos De La Vida - Pienso En Positivo","isPartOf":{"@id":"https:\/\/yopiensoenpositivo.com\/online\/#website"},"primaryImageOfPage":{"@id":"https:\/\/yopiensoenpositivo.com\/online\/los-ciclos-de-la-vida\/#primaryimage"},"image":{"@id":"https:\/\/yopiensoenpositivo.com\/online\/los-ciclos-de-la-vida\/#primaryimage"},"thumbnailUrl":"https:\/\/yopiensoenpositivo.com\/online\/wp-content\/uploads\/2019\/11\/ciclos.jpg","datePublished":"2019-11-12T00:41:01+00:00","dateModified":"2021-12-18T00:31:03+00:00","author":{"@id":"https:\/\/yopiensoenpositivo.com\/online\/#\/schema\/person\/5b0294f44521e63e12f78f8522f15fbf"},"breadcrumb":{"@id":"https:\/\/yopiensoenpositivo.com\/online\/los-ciclos-de-la-vida\/#breadcrumb"},"inLanguage":"es","potentialAction":[{"@type":"ReadAction","target":["https:\/\/yopiensoenpositivo.com\/online\/los-ciclos-de-la-vida\/"]}]},{"@type":"ImageObject","inLanguage":"es","@id":"https:\/\/yopiensoenpositivo.com\/online\/los-ciclos-de-la-vida\/#primaryimage","url":"https:\/\/yopiensoenpositivo.com\/online\/wp-content\/uploads\/2019\/11\/ciclos.jpg","contentUrl":"https:\/\/yopiensoenpositivo.com\/online\/wp-content\/uploads\/2019\/11\/ciclos.jpg","width":800,"height":600},{"@type":"BreadcrumbList","@id":"https:\/\/yopiensoenpositivo.com\/online\/los-ciclos-de-la-vida\/#breadcrumb","itemListElement":[{"@type":"ListItem","position":1,"name":"Portada","item":"https:\/\/yopiensoenpositivo.com\/online\/"},{"@type":"ListItem","position":2,"name":"Los Ciclos De La Vida"}]},{"@type":"WebSite","@id":"https:\/\/yopiensoenpositivo.com\/online\/#website","url":"https:\/\/yopiensoenpositivo.com\/online\/","name":"Pienso En Positivo","description":"Te ayudamos a vivir y pensar en positivo","potentialAction":[{"@type":"SearchAction","target":{"@type":"EntryPoint","urlTemplate":"https:\/\/yopiensoenpositivo.com\/online\/?s={search_term_string}"},"query-input":{"@type":"PropertyValueSpecification","valueRequired":true,"valueName":"search_term_string"}}],"inLanguage":"es"},{"@type":"Person","@id":"https:\/\/yopiensoenpositivo.com\/online\/#\/schema\/person\/5b0294f44521e63e12f78f8522f15fbf","name":"Pienso en positivo","image":{"@type":"ImageObject","inLanguage":"es","@id":"https:\/\/secure.gravatar.com\/avatar\/35fff5dad79ce1b037f152f27237cc592a95d286414e06ada68902451142a1f2?s=96&d=mm&r=g","url":"https:\/\/secure.gravatar.com\/avatar\/35fff5dad79ce1b037f152f27237cc592a95d286414e06ada68902451142a1f2?s=96&d=mm&r=g","contentUrl":"https:\/\/secure.gravatar.com\/avatar\/35fff5dad79ce1b037f152f27237cc592a95d286414e06ada68902451142a1f2?s=96&d=mm&r=g","caption":"Pienso en positivo"},"url":"https:\/\/yopiensoenpositivo.com\/online\/author\/pienso-en-positivo\/"}]}},"post_mailing_queue_ids":[],"_links":{"self":[{"href":"https:\/\/yopiensoenpositivo.com\/online\/wp-json\/wp\/v2\/posts\/39559","targetHints":{"allow":["GET"]}}],"collection":[{"href":"https:\/\/yopiensoenpositivo.com\/online\/wp-json\/wp\/v2\/posts"}],"about":[{"href":"https:\/\/yopiensoenpositivo.com\/online\/wp-json\/wp\/v2\/types\/post"}],"author":[{"embeddable":true,"href":"https:\/\/yopiensoenpositivo.com\/online\/wp-json\/wp\/v2\/users\/4"}],"replies":[{"embeddable":true,"href":"https:\/\/yopiensoenpositivo.com\/online\/wp-json\/wp\/v2\/comments?post=39559"}],"version-history":[{"count":1,"href":"https:\/\/yopiensoenpositivo.com\/online\/wp-json\/wp\/v2\/posts\/39559\/revisions"}],"predecessor-version":[{"id":39689,"href":"https:\/\/yopiensoenpositivo.com\/online\/wp-json\/wp\/v2\/posts\/39559\/revisions\/39689"}],"wp:featuredmedia":[{"embeddable":true,"href":"https:\/\/yopiensoenpositivo.com\/online\/wp-json\/wp\/v2\/media\/39560"}],"wp:attachment":[{"href":"https:\/\/yopiensoenpositivo.com\/online\/wp-json\/wp\/v2\/media?parent=39559"}],"wp:term":[{"taxonomy":"category","embeddable":true,"href":"https:\/\/yopiensoenpositivo.com\/online\/wp-json\/wp\/v2\/categories?post=39559"},{"taxonomy":"post_tag","embeddable":true,"href":"https:\/\/yopiensoenpositivo.com\/online\/wp-json\/wp\/v2\/tags?post=39559"}],"curies":[{"name":"wp","href":"https:\/\/api.w.org\/{rel}","templated":true}]}}