{"id":39544,"date":"2019-12-14T05:30:00","date_gmt":"2019-12-14T05:30:00","guid":{"rendered":"https:\/\/yopiensoenpositivo.com\/online\/?p=1806"},"modified":"2021-12-18T00:31:02","modified_gmt":"2021-12-18T00:31:02","slug":"las-emociones-y-los-recuerdos","status":"publish","type":"post","link":"https:\/\/yopiensoenpositivo.com\/online\/las-emociones-y-los-recuerdos\/","title":{"rendered":"Las Emociones y los Recuerdos"},"content":{"rendered":"\n<p>En\nlos a\u00f1os setenta, Bower<strong>realiz\u00f3 investigaciones sobre nuestra manera de almacenar y evocar\nlos recuerdos dependiendo del estado de \u00e1nimo<\/strong>. Pidi\u00f3 a una serie de personas que memorizasen\nlistas de palabras pasando por diferentes estados de \u00e1nimo. Luego, observ\u00f3 sus\ndiferencias a la hora de recordar estas palabras, mientras pasaban tambi\u00e9n por\ndiversos estados de \u00e1nimo.&nbsp;<\/p>\n\n\n\n<p>De\nesta manera&nbsp;<strong>encontr\u00f3 una tendencia a recordar con\nmayor facilidad los elementos memorizados en un estado de \u00e1nimo semejante al\nque tenemos en el momento de evocarlas<\/strong><strong>.<\/strong>\nEstando tristes, evocaremos m\u00e1s f\u00e1cilmente ideas o vivencias que se guardaron\nen la memoria estando nosotros tristes, y lo mismo pasa con otros estados de\n\u00e1nimo.<\/p>\n\n\n\n<p>Del\nmismo modo, nuestro estado de \u00e1nimo afectar\u00e1 en el momento de seleccionar qu\u00e9\nes lo que guardamos en la&nbsp;memoria: cu\u00e1l es aquella informaci\u00f3n que ser\u00e1 m\u00e1s importante para\nsu posterior recuperaci\u00f3n. As\u00ed, estando de buen humor prestaremos m\u00e1s atenci\u00f3n\na las cosas que valoramos como positivas, y ser\u00e1n estos recuerdos los que m\u00e1s\nf\u00e1cilmente se evoquen despu\u00e9s. Bower llam\u00f3 a todo este fen\u00f3meno \u201c<strong>mood-congruent processing<\/strong>\u201c,\no \u201cprocesamiento congruente con el estado de \u00e1nimo\u201d.<\/p>\n\n\n\n<p><strong>Todo&nbsp;indica que nuestros recuerdos tienen una relaci\u00f3n muy estrecha con las emociones, <\/strong>por eso somos capaces de experimentar nuevamente las emociones originales cuando los volvemos a situar en el foco de nuestra atenci\u00f3n.&nbsp;Un recuerdo agradable puede devolvernos esa paz interior perdida, restaurar esa autoestima lastimada. Por el contrario, si esa experiencia vivida se traduzca en un&nbsp;recuerdo amargo, lo \u00faltimo que querremos ser\u00e1 rememorarlo.<\/p>\n\n\n\n<p><em>Los recuerdos\nson una forma de aferrarte a las cosas que amas, las cosas que eres, las cosas\nque no quieres perder.<\/em><\/p>\n\n\n\n<p>-An\u00f3nimo-<\/p>\n","protected":false},"excerpt":{"rendered":"<p>Los recuerdos son una forma de aferrarte a las cosas que amas, las cosas que eres, las cosas que no quieres perder&#8230;<\/p>\n","protected":false},"author":4,"featured_media":39545,"comment_status":"closed","ping_status":"open","sticky":false,"template":"","format":"standard","meta":{"footnotes":""},"categories":[99],"tags":[102,103,104,105,106,107],"class_list":["post-39544","post","type-post","status-publish","format-standard","has-post-thumbnail","hentry","category-mensajespositivos","tag-ayuda","tag-emociones","tag-memorias","tag-mensajespositivos","tag-positivo","tag-recuerdos"],"yoast_head":"<!-- This site is optimized with the Yoast SEO plugin v27.4 - https:\/\/yoast.com\/product\/yoast-seo-wordpress\/ -->\n<title>Las Emociones y los Recuerdos - Pienso En Positivo<\/title>\n<meta name=\"description\" content=\"Todo indica que nuestros recuerdos tienen una relaci\u00f3n muy estrecha con las emociones, por eso somos capaces de experimentar nuevamente las emociones originales cuando los volvemos a situar en el foco de nuestra atenci\u00f3n...\" \/>\n<meta name=\"robots\" content=\"index, follow, max-snippet:-1, max-image-preview:large, max-video-preview:-1\" \/>\n<link rel=\"canonical\" href=\"https:\/\/yopiensoenpositivo.com\/online\/las-emociones-y-los-recuerdos\/\" \/>\n<meta property=\"og:locale\" content=\"es_ES\" \/>\n<meta property=\"og:type\" content=\"article\" \/>\n<meta property=\"og:title\" content=\"Las Emociones y los Recuerdos - Pienso En Positivo\" \/>\n<meta property=\"og:description\" content=\"Todo indica que nuestros recuerdos tienen una relaci\u00f3n muy estrecha con las emociones, por eso somos capaces de experimentar nuevamente las emociones originales cuando los volvemos a situar en el foco de nuestra atenci\u00f3n...\" \/>\n<meta property=\"og:url\" content=\"https:\/\/yopiensoenpositivo.com\/online\/las-emociones-y-los-recuerdos\/\" \/>\n<meta property=\"og:site_name\" content=\"Pienso En Positivo\" \/>\n<meta property=\"article:published_time\" content=\"2019-12-14T05:30:00+00:00\" \/>\n<meta property=\"article:modified_time\" content=\"2021-12-18T00:31:02+00:00\" \/>\n<meta property=\"og:image\" content=\"https:\/\/yopiensoenpositivo.com\/online\/wp-content\/uploads\/2019\/12\/postrecuerdos.jpg\" \/>\n\t<meta property=\"og:image:width\" content=\"800\" \/>\n\t<meta property=\"og:image:height\" content=\"600\" \/>\n\t<meta property=\"og:image:type\" content=\"image\/jpeg\" \/>\n<meta name=\"author\" content=\"Pienso en positivo\" \/>\n<meta name=\"twitter:card\" content=\"summary_large_image\" \/>\n<meta name=\"twitter:label1\" content=\"Escrito por\" \/>\n\t<meta name=\"twitter:data1\" content=\"Pienso en positivo\" \/>\n\t<meta name=\"twitter:label2\" content=\"Tiempo de lectura\" \/>\n\t<meta name=\"twitter:data2\" content=\"1 minuto\" \/>\n<script type=\"application\/ld+json\" class=\"yoast-schema-graph\">{\"@context\":\"https:\\\/\\\/schema.org\",\"@graph\":[{\"@type\":\"Article\",\"@id\":\"https:\\\/\\\/yopiensoenpositivo.com\\\/online\\\/las-emociones-y-los-recuerdos\\\/#article\",\"isPartOf\":{\"@id\":\"https:\\\/\\\/yopiensoenpositivo.com\\\/online\\\/las-emociones-y-los-recuerdos\\\/\"},\"author\":{\"name\":\"Pienso en positivo\",\"@id\":\"https:\\\/\\\/yopiensoenpositivo.com\\\/online\\\/#\\\/schema\\\/person\\\/5b0294f44521e63e12f78f8522f15fbf\"},\"headline\":\"Las Emociones y los Recuerdos\",\"datePublished\":\"2019-12-14T05:30:00+00:00\",\"dateModified\":\"2021-12-18T00:31:02+00:00\",\"mainEntityOfPage\":{\"@id\":\"https:\\\/\\\/yopiensoenpositivo.com\\\/online\\\/las-emociones-y-los-recuerdos\\\/\"},\"wordCount\":303,\"image\":{\"@id\":\"https:\\\/\\\/yopiensoenpositivo.com\\\/online\\\/las-emociones-y-los-recuerdos\\\/#primaryimage\"},\"thumbnailUrl\":\"https:\\\/\\\/yopiensoenpositivo.com\\\/online\\\/wp-content\\\/uploads\\\/2019\\\/12\\\/postrecuerdos.jpg\",\"keywords\":[\"ayuda\",\"emociones\",\"memorias\",\"mensajespositivos\",\"positivo\",\"recuerdos\"],\"articleSection\":[\"Mensajes positivos\"],\"inLanguage\":\"es\"},{\"@type\":\"WebPage\",\"@id\":\"https:\\\/\\\/yopiensoenpositivo.com\\\/online\\\/las-emociones-y-los-recuerdos\\\/\",\"url\":\"https:\\\/\\\/yopiensoenpositivo.com\\\/online\\\/las-emociones-y-los-recuerdos\\\/\",\"name\":\"Las Emociones y los Recuerdos - Pienso En Positivo\",\"isPartOf\":{\"@id\":\"https:\\\/\\\/yopiensoenpositivo.com\\\/online\\\/#website\"},\"primaryImageOfPage\":{\"@id\":\"https:\\\/\\\/yopiensoenpositivo.com\\\/online\\\/las-emociones-y-los-recuerdos\\\/#primaryimage\"},\"image\":{\"@id\":\"https:\\\/\\\/yopiensoenpositivo.com\\\/online\\\/las-emociones-y-los-recuerdos\\\/#primaryimage\"},\"thumbnailUrl\":\"https:\\\/\\\/yopiensoenpositivo.com\\\/online\\\/wp-content\\\/uploads\\\/2019\\\/12\\\/postrecuerdos.jpg\",\"datePublished\":\"2019-12-14T05:30:00+00:00\",\"dateModified\":\"2021-12-18T00:31:02+00:00\",\"author\":{\"@id\":\"https:\\\/\\\/yopiensoenpositivo.com\\\/online\\\/#\\\/schema\\\/person\\\/5b0294f44521e63e12f78f8522f15fbf\"},\"description\":\"Todo indica que nuestros recuerdos tienen una relaci\u00f3n muy estrecha con las emociones, por eso somos capaces de experimentar nuevamente las emociones originales cuando los volvemos a situar en el foco de nuestra atenci\u00f3n...\",\"breadcrumb\":{\"@id\":\"https:\\\/\\\/yopiensoenpositivo.com\\\/online\\\/las-emociones-y-los-recuerdos\\\/#breadcrumb\"},\"inLanguage\":\"es\",\"potentialAction\":[{\"@type\":\"ReadAction\",\"target\":[\"https:\\\/\\\/yopiensoenpositivo.com\\\/online\\\/las-emociones-y-los-recuerdos\\\/\"]}]},{\"@type\":\"ImageObject\",\"inLanguage\":\"es\",\"@id\":\"https:\\\/\\\/yopiensoenpositivo.com\\\/online\\\/las-emociones-y-los-recuerdos\\\/#primaryimage\",\"url\":\"https:\\\/\\\/yopiensoenpositivo.com\\\/online\\\/wp-content\\\/uploads\\\/2019\\\/12\\\/postrecuerdos.jpg\",\"contentUrl\":\"https:\\\/\\\/yopiensoenpositivo.com\\\/online\\\/wp-content\\\/uploads\\\/2019\\\/12\\\/postrecuerdos.jpg\",\"width\":800,\"height\":600,\"caption\":\"Las Emociones y los Recuerdos\"},{\"@type\":\"BreadcrumbList\",\"@id\":\"https:\\\/\\\/yopiensoenpositivo.com\\\/online\\\/las-emociones-y-los-recuerdos\\\/#breadcrumb\",\"itemListElement\":[{\"@type\":\"ListItem\",\"position\":1,\"name\":\"Portada\",\"item\":\"https:\\\/\\\/yopiensoenpositivo.com\\\/online\\\/\"},{\"@type\":\"ListItem\",\"position\":2,\"name\":\"Las Emociones y los Recuerdos\"}]},{\"@type\":\"WebSite\",\"@id\":\"https:\\\/\\\/yopiensoenpositivo.com\\\/online\\\/#website\",\"url\":\"https:\\\/\\\/yopiensoenpositivo.com\\\/online\\\/\",\"name\":\"Pienso En Positivo\",\"description\":\"Te ayudamos a vivir y pensar en positivo\",\"potentialAction\":[{\"@type\":\"SearchAction\",\"target\":{\"@type\":\"EntryPoint\",\"urlTemplate\":\"https:\\\/\\\/yopiensoenpositivo.com\\\/online\\\/?s={search_term_string}\"},\"query-input\":{\"@type\":\"PropertyValueSpecification\",\"valueRequired\":true,\"valueName\":\"search_term_string\"}}],\"inLanguage\":\"es\"},{\"@type\":\"Person\",\"@id\":\"https:\\\/\\\/yopiensoenpositivo.com\\\/online\\\/#\\\/schema\\\/person\\\/5b0294f44521e63e12f78f8522f15fbf\",\"name\":\"Pienso en positivo\",\"image\":{\"@type\":\"ImageObject\",\"inLanguage\":\"es\",\"@id\":\"https:\\\/\\\/secure.gravatar.com\\\/avatar\\\/35fff5dad79ce1b037f152f27237cc592a95d286414e06ada68902451142a1f2?s=96&d=mm&r=g\",\"url\":\"https:\\\/\\\/secure.gravatar.com\\\/avatar\\\/35fff5dad79ce1b037f152f27237cc592a95d286414e06ada68902451142a1f2?s=96&d=mm&r=g\",\"contentUrl\":\"https:\\\/\\\/secure.gravatar.com\\\/avatar\\\/35fff5dad79ce1b037f152f27237cc592a95d286414e06ada68902451142a1f2?s=96&d=mm&r=g\",\"caption\":\"Pienso en positivo\"},\"url\":\"https:\\\/\\\/yopiensoenpositivo.com\\\/online\\\/author\\\/pienso-en-positivo\\\/\"}]}<\/script>\n<!-- \/ Yoast SEO plugin. -->","yoast_head_json":{"title":"Las Emociones y los Recuerdos - Pienso En Positivo","description":"Todo indica que nuestros recuerdos tienen una relaci\u00f3n muy estrecha con las emociones, por eso somos capaces de experimentar nuevamente las emociones originales cuando los volvemos a situar en el foco de nuestra atenci\u00f3n...","robots":{"index":"index","follow":"follow","max-snippet":"max-snippet:-1","max-image-preview":"max-image-preview:large","max-video-preview":"max-video-preview:-1"},"canonical":"https:\/\/yopiensoenpositivo.com\/online\/las-emociones-y-los-recuerdos\/","og_locale":"es_ES","og_type":"article","og_title":"Las Emociones y los Recuerdos - Pienso En Positivo","og_description":"Todo indica que nuestros recuerdos tienen una relaci\u00f3n muy estrecha con las emociones, por eso somos capaces de experimentar nuevamente las emociones originales cuando los volvemos a situar en el foco de nuestra atenci\u00f3n...","og_url":"https:\/\/yopiensoenpositivo.com\/online\/las-emociones-y-los-recuerdos\/","og_site_name":"Pienso En Positivo","article_published_time":"2019-12-14T05:30:00+00:00","article_modified_time":"2021-12-18T00:31:02+00:00","og_image":[{"width":800,"height":600,"url":"https:\/\/yopiensoenpositivo.com\/online\/wp-content\/uploads\/2019\/12\/postrecuerdos.jpg","type":"image\/jpeg"}],"author":"Pienso en positivo","twitter_card":"summary_large_image","twitter_misc":{"Escrito por":"Pienso en positivo","Tiempo de lectura":"1 minuto"},"schema":{"@context":"https:\/\/schema.org","@graph":[{"@type":"Article","@id":"https:\/\/yopiensoenpositivo.com\/online\/las-emociones-y-los-recuerdos\/#article","isPartOf":{"@id":"https:\/\/yopiensoenpositivo.com\/online\/las-emociones-y-los-recuerdos\/"},"author":{"name":"Pienso en positivo","@id":"https:\/\/yopiensoenpositivo.com\/online\/#\/schema\/person\/5b0294f44521e63e12f78f8522f15fbf"},"headline":"Las Emociones y los Recuerdos","datePublished":"2019-12-14T05:30:00+00:00","dateModified":"2021-12-18T00:31:02+00:00","mainEntityOfPage":{"@id":"https:\/\/yopiensoenpositivo.com\/online\/las-emociones-y-los-recuerdos\/"},"wordCount":303,"image":{"@id":"https:\/\/yopiensoenpositivo.com\/online\/las-emociones-y-los-recuerdos\/#primaryimage"},"thumbnailUrl":"https:\/\/yopiensoenpositivo.com\/online\/wp-content\/uploads\/2019\/12\/postrecuerdos.jpg","keywords":["ayuda","emociones","memorias","mensajespositivos","positivo","recuerdos"],"articleSection":["Mensajes positivos"],"inLanguage":"es"},{"@type":"WebPage","@id":"https:\/\/yopiensoenpositivo.com\/online\/las-emociones-y-los-recuerdos\/","url":"https:\/\/yopiensoenpositivo.com\/online\/las-emociones-y-los-recuerdos\/","name":"Las Emociones y los Recuerdos - Pienso En Positivo","isPartOf":{"@id":"https:\/\/yopiensoenpositivo.com\/online\/#website"},"primaryImageOfPage":{"@id":"https:\/\/yopiensoenpositivo.com\/online\/las-emociones-y-los-recuerdos\/#primaryimage"},"image":{"@id":"https:\/\/yopiensoenpositivo.com\/online\/las-emociones-y-los-recuerdos\/#primaryimage"},"thumbnailUrl":"https:\/\/yopiensoenpositivo.com\/online\/wp-content\/uploads\/2019\/12\/postrecuerdos.jpg","datePublished":"2019-12-14T05:30:00+00:00","dateModified":"2021-12-18T00:31:02+00:00","author":{"@id":"https:\/\/yopiensoenpositivo.com\/online\/#\/schema\/person\/5b0294f44521e63e12f78f8522f15fbf"},"description":"Todo indica que nuestros recuerdos tienen una relaci\u00f3n muy estrecha con las emociones, por eso somos capaces de experimentar nuevamente las emociones originales cuando los volvemos a situar en el foco de nuestra atenci\u00f3n...","breadcrumb":{"@id":"https:\/\/yopiensoenpositivo.com\/online\/las-emociones-y-los-recuerdos\/#breadcrumb"},"inLanguage":"es","potentialAction":[{"@type":"ReadAction","target":["https:\/\/yopiensoenpositivo.com\/online\/las-emociones-y-los-recuerdos\/"]}]},{"@type":"ImageObject","inLanguage":"es","@id":"https:\/\/yopiensoenpositivo.com\/online\/las-emociones-y-los-recuerdos\/#primaryimage","url":"https:\/\/yopiensoenpositivo.com\/online\/wp-content\/uploads\/2019\/12\/postrecuerdos.jpg","contentUrl":"https:\/\/yopiensoenpositivo.com\/online\/wp-content\/uploads\/2019\/12\/postrecuerdos.jpg","width":800,"height":600,"caption":"Las Emociones y los Recuerdos"},{"@type":"BreadcrumbList","@id":"https:\/\/yopiensoenpositivo.com\/online\/las-emociones-y-los-recuerdos\/#breadcrumb","itemListElement":[{"@type":"ListItem","position":1,"name":"Portada","item":"https:\/\/yopiensoenpositivo.com\/online\/"},{"@type":"ListItem","position":2,"name":"Las Emociones y los Recuerdos"}]},{"@type":"WebSite","@id":"https:\/\/yopiensoenpositivo.com\/online\/#website","url":"https:\/\/yopiensoenpositivo.com\/online\/","name":"Pienso En Positivo","description":"Te ayudamos a vivir y pensar en positivo","potentialAction":[{"@type":"SearchAction","target":{"@type":"EntryPoint","urlTemplate":"https:\/\/yopiensoenpositivo.com\/online\/?s={search_term_string}"},"query-input":{"@type":"PropertyValueSpecification","valueRequired":true,"valueName":"search_term_string"}}],"inLanguage":"es"},{"@type":"Person","@id":"https:\/\/yopiensoenpositivo.com\/online\/#\/schema\/person\/5b0294f44521e63e12f78f8522f15fbf","name":"Pienso en positivo","image":{"@type":"ImageObject","inLanguage":"es","@id":"https:\/\/secure.gravatar.com\/avatar\/35fff5dad79ce1b037f152f27237cc592a95d286414e06ada68902451142a1f2?s=96&d=mm&r=g","url":"https:\/\/secure.gravatar.com\/avatar\/35fff5dad79ce1b037f152f27237cc592a95d286414e06ada68902451142a1f2?s=96&d=mm&r=g","contentUrl":"https:\/\/secure.gravatar.com\/avatar\/35fff5dad79ce1b037f152f27237cc592a95d286414e06ada68902451142a1f2?s=96&d=mm&r=g","caption":"Pienso en positivo"},"url":"https:\/\/yopiensoenpositivo.com\/online\/author\/pienso-en-positivo\/"}]}},"post_mailing_queue_ids":[],"_links":{"self":[{"href":"https:\/\/yopiensoenpositivo.com\/online\/wp-json\/wp\/v2\/posts\/39544","targetHints":{"allow":["GET"]}}],"collection":[{"href":"https:\/\/yopiensoenpositivo.com\/online\/wp-json\/wp\/v2\/posts"}],"about":[{"href":"https:\/\/yopiensoenpositivo.com\/online\/wp-json\/wp\/v2\/types\/post"}],"author":[{"embeddable":true,"href":"https:\/\/yopiensoenpositivo.com\/online\/wp-json\/wp\/v2\/users\/4"}],"replies":[{"embeddable":true,"href":"https:\/\/yopiensoenpositivo.com\/online\/wp-json\/wp\/v2\/comments?post=39544"}],"version-history":[{"count":1,"href":"https:\/\/yopiensoenpositivo.com\/online\/wp-json\/wp\/v2\/posts\/39544\/revisions"}],"predecessor-version":[{"id":39682,"href":"https:\/\/yopiensoenpositivo.com\/online\/wp-json\/wp\/v2\/posts\/39544\/revisions\/39682"}],"wp:featuredmedia":[{"embeddable":true,"href":"https:\/\/yopiensoenpositivo.com\/online\/wp-json\/wp\/v2\/media\/39545"}],"wp:attachment":[{"href":"https:\/\/yopiensoenpositivo.com\/online\/wp-json\/wp\/v2\/media?parent=39544"}],"wp:term":[{"taxonomy":"category","embeddable":true,"href":"https:\/\/yopiensoenpositivo.com\/online\/wp-json\/wp\/v2\/categories?post=39544"},{"taxonomy":"post_tag","embeddable":true,"href":"https:\/\/yopiensoenpositivo.com\/online\/wp-json\/wp\/v2\/tags?post=39544"}],"curies":[{"name":"wp","href":"https:\/\/api.w.org\/{rel}","templated":true}]}}