{"id":39486,"date":"2020-04-10T18:49:00","date_gmt":"2020-04-10T18:49:00","guid":{"rendered":"https:\/\/yopiensoenpositivo.com\/online\/?p=1903"},"modified":"2021-12-18T00:31:02","modified_gmt":"2021-12-18T00:31:02","slug":"la-naturaleza-y-el-bien-estar","status":"publish","type":"post","link":"https:\/\/yopiensoenpositivo.com\/online\/la-naturaleza-y-el-bien-estar\/","title":{"rendered":"La naturaleza y el BIEN-ESTAR"},"content":{"rendered":"\n<p>Hazte\nconsciente de tu presente.<\/p>\n\n\n\n<p>La\nnaturaleza nos ocupa y nos cuenta historias sobre nosotros mismos. Solo tenemos\nque conectar con ella. Fundirnos con ella siempre que podamos. Ir a la monta\u00f1a,\nal mar, incluso a un parque con \u00e1rboles.<\/p>\n\n\n\n<p>Cada\npaso a trav\u00e9s de ella nos vigoriza y nos fortalece. Siempre que puedas, elige:\nlo que ves en televisi\u00f3n, qu\u00e9 hacer en tu tiempo libre, a qu\u00e9 dedicar tus d\u00edas,\nlo que lees, con qui\u00e9nes pasar tu tiempo\u2026 es otra forma de alimento.<\/p>\n\n\n\n<p>As\u00ed\nque no le demos tanta importancia a todo, y no nos creamos tanto a nuestros\npersonajes. Esos que usamos para relacionarnos con el mundo y con nosotros\nmismos. Cuidemos las relaciones con los dem\u00e1s y la que tenemos con nosotros\nmismos.<\/p>\n\n\n\n<figure class=\"wp-block-image size-large\"><img decoding=\"async\" data-src=\"https:\/\/yopiensoenpositivo.com\/online\/wp-content\/uploads\/2020\/04\/natural1.jpg\" alt=\"\" class=\"wp-image-1905 lazyload\" src=\"data:image\/svg+xml;base64,PHN2ZyB3aWR0aD0iMSIgaGVpZ2h0PSIxIiB4bWxucz0iaHR0cDovL3d3dy53My5vcmcvMjAwMC9zdmciPjwvc3ZnPg==\" style=\"--smush-placeholder-width: 800px; --smush-placeholder-aspect-ratio: 800\/533;\" \/><\/figure>\n\n\n\n<p>Una\nsencilla pr\u00e1ctica de atenci\u00f3n:<\/p>\n\n\n\n<p>Caminando\npor la playa, la monta\u00f1a, camino al trabajo, en casa\u2026 traeremos nuestra\natenci\u00f3n a nuestras pisadas y sensaciones corporales mientras andamos.\nLevantaremos un pie y luego otro, y nos centraremos en las pisadas, solo en\nellas.<\/p>\n\n\n\n\n\n<p>Despu\u00e9s\u2026\nen los sonidos que nos rodean. en la brisa del viento sobre nuestra cara. Si\nnos acompa\u00f1a alguien o nuestro perro, nos hacemos conscientes de ellos, del\nsonido de sus pisadas y de las nuestras. Del lugar en el que nos encontramos,\nsi hay \u00e1rboles, mar y arena o coches.<\/p>\n","protected":false},"excerpt":{"rendered":"<p>Hazte consciente de tu presente. La naturaleza nos ocupa y nos cuenta historias sobre nosotros mismos. Solo tenemos que conectar con ella. Fundirnos con ella siempre que podamos. Ir a la monta\u00f1a, al mar, incluso a un parque con \u00e1rboles. Cada paso a trav\u00e9s de ella nos vigoriza y nos fortalece. Siempre que puedas, elige: [&hellip;]<\/p>\n","protected":false},"author":4,"featured_media":39488,"comment_status":"open","ping_status":"open","sticky":false,"template":"","format":"standard","meta":{"footnotes":""},"categories":[99],"tags":[],"class_list":["post-39486","post","type-post","status-publish","format-standard","has-post-thumbnail","hentry","category-mensajespositivos"],"yoast_head":"<!-- This site is optimized with the Yoast SEO plugin v27.5 - https:\/\/yoast.com\/product\/yoast-seo-wordpress\/ -->\n<title>La naturaleza y el BIEN-ESTAR - Pienso En Positivo<\/title>\n<meta name=\"description\" content=\"La naturaleza nos ocupa y nos cuenta historias sobre nosotros mismos. Solo tenemos que conectar con ella. Fundirnos con ella siempre que podamos. Ir a...\" \/>\n<meta name=\"robots\" content=\"index, follow, max-snippet:-1, max-image-preview:large, max-video-preview:-1\" \/>\n<link rel=\"canonical\" href=\"https:\/\/yopiensoenpositivo.com\/online\/la-naturaleza-y-el-bien-estar\/\" \/>\n<meta property=\"og:locale\" content=\"es_ES\" \/>\n<meta property=\"og:type\" content=\"article\" \/>\n<meta property=\"og:title\" content=\"La naturaleza y el BIEN-ESTAR - Pienso En Positivo\" \/>\n<meta property=\"og:description\" content=\"La naturaleza nos ocupa y nos cuenta historias sobre nosotros mismos. Solo tenemos que conectar con ella. Fundirnos con ella siempre que podamos. Ir a...\" \/>\n<meta property=\"og:url\" content=\"https:\/\/yopiensoenpositivo.com\/online\/la-naturaleza-y-el-bien-estar\/\" \/>\n<meta property=\"og:site_name\" content=\"Pienso En Positivo\" \/>\n<meta property=\"article:published_time\" content=\"2020-04-10T18:49:00+00:00\" \/>\n<meta property=\"article:modified_time\" content=\"2021-12-18T00:31:02+00:00\" \/>\n<meta property=\"og:image\" content=\"https:\/\/yopiensoenpositivo.com\/online\/wp-content\/uploads\/2020\/04\/naturalezabienestar.jpg\" \/>\n\t<meta property=\"og:image:width\" content=\"1200\" \/>\n\t<meta property=\"og:image:height\" content=\"600\" \/>\n\t<meta property=\"og:image:type\" content=\"image\/jpeg\" \/>\n<meta name=\"author\" content=\"Pienso en positivo\" \/>\n<meta name=\"twitter:card\" content=\"summary_large_image\" \/>\n<meta name=\"twitter:label1\" content=\"Escrito por\" \/>\n\t<meta name=\"twitter:data1\" content=\"Pienso en positivo\" \/>\n\t<meta name=\"twitter:label2\" content=\"Tiempo de lectura\" \/>\n\t<meta name=\"twitter:data2\" content=\"1 minuto\" \/>\n<script type=\"application\/ld+json\" class=\"yoast-schema-graph\">{\"@context\":\"https:\\\/\\\/schema.org\",\"@graph\":[{\"@type\":\"Article\",\"@id\":\"https:\\\/\\\/yopiensoenpositivo.com\\\/online\\\/la-naturaleza-y-el-bien-estar\\\/#article\",\"isPartOf\":{\"@id\":\"https:\\\/\\\/yopiensoenpositivo.com\\\/online\\\/la-naturaleza-y-el-bien-estar\\\/\"},\"author\":{\"name\":\"Pienso en positivo\",\"@id\":\"https:\\\/\\\/yopiensoenpositivo.com\\\/online\\\/#\\\/schema\\\/person\\\/5b0294f44521e63e12f78f8522f15fbf\"},\"headline\":\"La naturaleza y el BIEN-ESTAR\",\"datePublished\":\"2020-04-10T18:49:00+00:00\",\"dateModified\":\"2021-12-18T00:31:02+00:00\",\"mainEntityOfPage\":{\"@id\":\"https:\\\/\\\/yopiensoenpositivo.com\\\/online\\\/la-naturaleza-y-el-bien-estar\\\/\"},\"wordCount\":236,\"commentCount\":0,\"image\":{\"@id\":\"https:\\\/\\\/yopiensoenpositivo.com\\\/online\\\/la-naturaleza-y-el-bien-estar\\\/#primaryimage\"},\"thumbnailUrl\":\"https:\\\/\\\/yopiensoenpositivo.com\\\/online\\\/wp-content\\\/uploads\\\/2020\\\/04\\\/naturalezabienestar.jpg\",\"articleSection\":[\"Mensajes positivos\"],\"inLanguage\":\"es\",\"potentialAction\":[{\"@type\":\"CommentAction\",\"name\":\"Comment\",\"target\":[\"https:\\\/\\\/yopiensoenpositivo.com\\\/online\\\/la-naturaleza-y-el-bien-estar\\\/#respond\"]}]},{\"@type\":\"WebPage\",\"@id\":\"https:\\\/\\\/yopiensoenpositivo.com\\\/online\\\/la-naturaleza-y-el-bien-estar\\\/\",\"url\":\"https:\\\/\\\/yopiensoenpositivo.com\\\/online\\\/la-naturaleza-y-el-bien-estar\\\/\",\"name\":\"La naturaleza y el BIEN-ESTAR - Pienso En Positivo\",\"isPartOf\":{\"@id\":\"https:\\\/\\\/yopiensoenpositivo.com\\\/online\\\/#website\"},\"primaryImageOfPage\":{\"@id\":\"https:\\\/\\\/yopiensoenpositivo.com\\\/online\\\/la-naturaleza-y-el-bien-estar\\\/#primaryimage\"},\"image\":{\"@id\":\"https:\\\/\\\/yopiensoenpositivo.com\\\/online\\\/la-naturaleza-y-el-bien-estar\\\/#primaryimage\"},\"thumbnailUrl\":\"https:\\\/\\\/yopiensoenpositivo.com\\\/online\\\/wp-content\\\/uploads\\\/2020\\\/04\\\/naturalezabienestar.jpg\",\"datePublished\":\"2020-04-10T18:49:00+00:00\",\"dateModified\":\"2021-12-18T00:31:02+00:00\",\"author\":{\"@id\":\"https:\\\/\\\/yopiensoenpositivo.com\\\/online\\\/#\\\/schema\\\/person\\\/5b0294f44521e63e12f78f8522f15fbf\"},\"description\":\"La naturaleza nos ocupa y nos cuenta historias sobre nosotros mismos. Solo tenemos que conectar con ella. Fundirnos con ella siempre que podamos. Ir a...\",\"breadcrumb\":{\"@id\":\"https:\\\/\\\/yopiensoenpositivo.com\\\/online\\\/la-naturaleza-y-el-bien-estar\\\/#breadcrumb\"},\"inLanguage\":\"es\",\"potentialAction\":[{\"@type\":\"ReadAction\",\"target\":[\"https:\\\/\\\/yopiensoenpositivo.com\\\/online\\\/la-naturaleza-y-el-bien-estar\\\/\"]}]},{\"@type\":\"ImageObject\",\"inLanguage\":\"es\",\"@id\":\"https:\\\/\\\/yopiensoenpositivo.com\\\/online\\\/la-naturaleza-y-el-bien-estar\\\/#primaryimage\",\"url\":\"https:\\\/\\\/yopiensoenpositivo.com\\\/online\\\/wp-content\\\/uploads\\\/2020\\\/04\\\/naturalezabienestar.jpg\",\"contentUrl\":\"https:\\\/\\\/yopiensoenpositivo.com\\\/online\\\/wp-content\\\/uploads\\\/2020\\\/04\\\/naturalezabienestar.jpg\",\"width\":1200,\"height\":600},{\"@type\":\"BreadcrumbList\",\"@id\":\"https:\\\/\\\/yopiensoenpositivo.com\\\/online\\\/la-naturaleza-y-el-bien-estar\\\/#breadcrumb\",\"itemListElement\":[{\"@type\":\"ListItem\",\"position\":1,\"name\":\"Portada\",\"item\":\"https:\\\/\\\/yopiensoenpositivo.com\\\/online\\\/\"},{\"@type\":\"ListItem\",\"position\":2,\"name\":\"La naturaleza y el BIEN-ESTAR\"}]},{\"@type\":\"WebSite\",\"@id\":\"https:\\\/\\\/yopiensoenpositivo.com\\\/online\\\/#website\",\"url\":\"https:\\\/\\\/yopiensoenpositivo.com\\\/online\\\/\",\"name\":\"Pienso En Positivo\",\"description\":\"Te ayudamos a vivir y pensar en positivo\",\"potentialAction\":[{\"@type\":\"SearchAction\",\"target\":{\"@type\":\"EntryPoint\",\"urlTemplate\":\"https:\\\/\\\/yopiensoenpositivo.com\\\/online\\\/?s={search_term_string}\"},\"query-input\":{\"@type\":\"PropertyValueSpecification\",\"valueRequired\":true,\"valueName\":\"search_term_string\"}}],\"inLanguage\":\"es\"},{\"@type\":\"Person\",\"@id\":\"https:\\\/\\\/yopiensoenpositivo.com\\\/online\\\/#\\\/schema\\\/person\\\/5b0294f44521e63e12f78f8522f15fbf\",\"name\":\"Pienso en positivo\",\"image\":{\"@type\":\"ImageObject\",\"inLanguage\":\"es\",\"@id\":\"https:\\\/\\\/secure.gravatar.com\\\/avatar\\\/35fff5dad79ce1b037f152f27237cc592a95d286414e06ada68902451142a1f2?s=96&d=mm&r=g\",\"url\":\"https:\\\/\\\/secure.gravatar.com\\\/avatar\\\/35fff5dad79ce1b037f152f27237cc592a95d286414e06ada68902451142a1f2?s=96&d=mm&r=g\",\"contentUrl\":\"https:\\\/\\\/secure.gravatar.com\\\/avatar\\\/35fff5dad79ce1b037f152f27237cc592a95d286414e06ada68902451142a1f2?s=96&d=mm&r=g\",\"caption\":\"Pienso en positivo\"},\"url\":\"https:\\\/\\\/yopiensoenpositivo.com\\\/online\\\/author\\\/pienso-en-positivo\\\/\"}]}<\/script>\n<!-- \/ Yoast SEO plugin. -->","yoast_head_json":{"title":"La naturaleza y el BIEN-ESTAR - Pienso En Positivo","description":"La naturaleza nos ocupa y nos cuenta historias sobre nosotros mismos. Solo tenemos que conectar con ella. Fundirnos con ella siempre que podamos. Ir a...","robots":{"index":"index","follow":"follow","max-snippet":"max-snippet:-1","max-image-preview":"max-image-preview:large","max-video-preview":"max-video-preview:-1"},"canonical":"https:\/\/yopiensoenpositivo.com\/online\/la-naturaleza-y-el-bien-estar\/","og_locale":"es_ES","og_type":"article","og_title":"La naturaleza y el BIEN-ESTAR - Pienso En Positivo","og_description":"La naturaleza nos ocupa y nos cuenta historias sobre nosotros mismos. Solo tenemos que conectar con ella. Fundirnos con ella siempre que podamos. Ir a...","og_url":"https:\/\/yopiensoenpositivo.com\/online\/la-naturaleza-y-el-bien-estar\/","og_site_name":"Pienso En Positivo","article_published_time":"2020-04-10T18:49:00+00:00","article_modified_time":"2021-12-18T00:31:02+00:00","og_image":[{"width":1200,"height":600,"url":"https:\/\/yopiensoenpositivo.com\/online\/wp-content\/uploads\/2020\/04\/naturalezabienestar.jpg","type":"image\/jpeg"}],"author":"Pienso en positivo","twitter_card":"summary_large_image","twitter_misc":{"Escrito por":"Pienso en positivo","Tiempo de lectura":"1 minuto"},"schema":{"@context":"https:\/\/schema.org","@graph":[{"@type":"Article","@id":"https:\/\/yopiensoenpositivo.com\/online\/la-naturaleza-y-el-bien-estar\/#article","isPartOf":{"@id":"https:\/\/yopiensoenpositivo.com\/online\/la-naturaleza-y-el-bien-estar\/"},"author":{"name":"Pienso en positivo","@id":"https:\/\/yopiensoenpositivo.com\/online\/#\/schema\/person\/5b0294f44521e63e12f78f8522f15fbf"},"headline":"La naturaleza y el BIEN-ESTAR","datePublished":"2020-04-10T18:49:00+00:00","dateModified":"2021-12-18T00:31:02+00:00","mainEntityOfPage":{"@id":"https:\/\/yopiensoenpositivo.com\/online\/la-naturaleza-y-el-bien-estar\/"},"wordCount":236,"commentCount":0,"image":{"@id":"https:\/\/yopiensoenpositivo.com\/online\/la-naturaleza-y-el-bien-estar\/#primaryimage"},"thumbnailUrl":"https:\/\/yopiensoenpositivo.com\/online\/wp-content\/uploads\/2020\/04\/naturalezabienestar.jpg","articleSection":["Mensajes positivos"],"inLanguage":"es","potentialAction":[{"@type":"CommentAction","name":"Comment","target":["https:\/\/yopiensoenpositivo.com\/online\/la-naturaleza-y-el-bien-estar\/#respond"]}]},{"@type":"WebPage","@id":"https:\/\/yopiensoenpositivo.com\/online\/la-naturaleza-y-el-bien-estar\/","url":"https:\/\/yopiensoenpositivo.com\/online\/la-naturaleza-y-el-bien-estar\/","name":"La naturaleza y el BIEN-ESTAR - Pienso En Positivo","isPartOf":{"@id":"https:\/\/yopiensoenpositivo.com\/online\/#website"},"primaryImageOfPage":{"@id":"https:\/\/yopiensoenpositivo.com\/online\/la-naturaleza-y-el-bien-estar\/#primaryimage"},"image":{"@id":"https:\/\/yopiensoenpositivo.com\/online\/la-naturaleza-y-el-bien-estar\/#primaryimage"},"thumbnailUrl":"https:\/\/yopiensoenpositivo.com\/online\/wp-content\/uploads\/2020\/04\/naturalezabienestar.jpg","datePublished":"2020-04-10T18:49:00+00:00","dateModified":"2021-12-18T00:31:02+00:00","author":{"@id":"https:\/\/yopiensoenpositivo.com\/online\/#\/schema\/person\/5b0294f44521e63e12f78f8522f15fbf"},"description":"La naturaleza nos ocupa y nos cuenta historias sobre nosotros mismos. Solo tenemos que conectar con ella. Fundirnos con ella siempre que podamos. Ir a...","breadcrumb":{"@id":"https:\/\/yopiensoenpositivo.com\/online\/la-naturaleza-y-el-bien-estar\/#breadcrumb"},"inLanguage":"es","potentialAction":[{"@type":"ReadAction","target":["https:\/\/yopiensoenpositivo.com\/online\/la-naturaleza-y-el-bien-estar\/"]}]},{"@type":"ImageObject","inLanguage":"es","@id":"https:\/\/yopiensoenpositivo.com\/online\/la-naturaleza-y-el-bien-estar\/#primaryimage","url":"https:\/\/yopiensoenpositivo.com\/online\/wp-content\/uploads\/2020\/04\/naturalezabienestar.jpg","contentUrl":"https:\/\/yopiensoenpositivo.com\/online\/wp-content\/uploads\/2020\/04\/naturalezabienestar.jpg","width":1200,"height":600},{"@type":"BreadcrumbList","@id":"https:\/\/yopiensoenpositivo.com\/online\/la-naturaleza-y-el-bien-estar\/#breadcrumb","itemListElement":[{"@type":"ListItem","position":1,"name":"Portada","item":"https:\/\/yopiensoenpositivo.com\/online\/"},{"@type":"ListItem","position":2,"name":"La naturaleza y el BIEN-ESTAR"}]},{"@type":"WebSite","@id":"https:\/\/yopiensoenpositivo.com\/online\/#website","url":"https:\/\/yopiensoenpositivo.com\/online\/","name":"Pienso En Positivo","description":"Te ayudamos a vivir y pensar en positivo","potentialAction":[{"@type":"SearchAction","target":{"@type":"EntryPoint","urlTemplate":"https:\/\/yopiensoenpositivo.com\/online\/?s={search_term_string}"},"query-input":{"@type":"PropertyValueSpecification","valueRequired":true,"valueName":"search_term_string"}}],"inLanguage":"es"},{"@type":"Person","@id":"https:\/\/yopiensoenpositivo.com\/online\/#\/schema\/person\/5b0294f44521e63e12f78f8522f15fbf","name":"Pienso en positivo","image":{"@type":"ImageObject","inLanguage":"es","@id":"https:\/\/secure.gravatar.com\/avatar\/35fff5dad79ce1b037f152f27237cc592a95d286414e06ada68902451142a1f2?s=96&d=mm&r=g","url":"https:\/\/secure.gravatar.com\/avatar\/35fff5dad79ce1b037f152f27237cc592a95d286414e06ada68902451142a1f2?s=96&d=mm&r=g","contentUrl":"https:\/\/secure.gravatar.com\/avatar\/35fff5dad79ce1b037f152f27237cc592a95d286414e06ada68902451142a1f2?s=96&d=mm&r=g","caption":"Pienso en positivo"},"url":"https:\/\/yopiensoenpositivo.com\/online\/author\/pienso-en-positivo\/"}]}},"post_mailing_queue_ids":[],"_links":{"self":[{"href":"https:\/\/yopiensoenpositivo.com\/online\/wp-json\/wp\/v2\/posts\/39486","targetHints":{"allow":["GET"]}}],"collection":[{"href":"https:\/\/yopiensoenpositivo.com\/online\/wp-json\/wp\/v2\/posts"}],"about":[{"href":"https:\/\/yopiensoenpositivo.com\/online\/wp-json\/wp\/v2\/types\/post"}],"author":[{"embeddable":true,"href":"https:\/\/yopiensoenpositivo.com\/online\/wp-json\/wp\/v2\/users\/4"}],"replies":[{"embeddable":true,"href":"https:\/\/yopiensoenpositivo.com\/online\/wp-json\/wp\/v2\/comments?post=39486"}],"version-history":[{"count":1,"href":"https:\/\/yopiensoenpositivo.com\/online\/wp-json\/wp\/v2\/posts\/39486\/revisions"}],"predecessor-version":[{"id":39675,"href":"https:\/\/yopiensoenpositivo.com\/online\/wp-json\/wp\/v2\/posts\/39486\/revisions\/39675"}],"wp:featuredmedia":[{"embeddable":true,"href":"https:\/\/yopiensoenpositivo.com\/online\/wp-json\/wp\/v2\/media\/39488"}],"wp:attachment":[{"href":"https:\/\/yopiensoenpositivo.com\/online\/wp-json\/wp\/v2\/media?parent=39486"}],"wp:term":[{"taxonomy":"category","embeddable":true,"href":"https:\/\/yopiensoenpositivo.com\/online\/wp-json\/wp\/v2\/categories?post=39486"},{"taxonomy":"post_tag","embeddable":true,"href":"https:\/\/yopiensoenpositivo.com\/online\/wp-json\/wp\/v2\/tags?post=39486"}],"curies":[{"name":"wp","href":"https:\/\/api.w.org\/{rel}","templated":true}]}}