{"id":39482,"date":"2020-04-24T09:05:00","date_gmt":"2020-04-24T09:05:00","guid":{"rendered":"https:\/\/yopiensoenpositivo.com\/online\/?p=1910"},"modified":"2021-12-18T00:31:02","modified_gmt":"2021-12-18T00:31:02","slug":"el-poder-de-la-respiracion-consciente","status":"publish","type":"post","link":"https:\/\/yopiensoenpositivo.com\/online\/el-poder-de-la-respiracion-consciente\/","title":{"rendered":"El poder de la respiraci\u00f3n consciente"},"content":{"rendered":"\n<p>La\nRespiraci\u00f3n Consciente es la forma de respirar de un modo que produce&nbsp;&nbsp; Paz y Energ\u00eda al mismo tiempo y hace que la\nvida sea saludable, pr\u00e1ctica y armoniosa aportando el poder y la belleza\ncompleta para enriquecer tu vida.<\/p>\n\n\n\n<p>Tanto\nel yoga como la pr\u00e1ctica de mindfulness trabajan sobre el arte de respirar\nbien. Se le dice arte porque es realmente liberador, creativo y una forma\nterap\u00e9utica de mejorar nuestro organismo y estado de \u00e1nimo.<\/p>\n\n\n\n<figure class=\"wp-block-image size-large\"><img decoding=\"async\" data-src=\"https:\/\/yopiensoenpositivo.com\/online\/wp-content\/uploads\/2020\/04\/respirar3.jpg\" alt=\"\" class=\"wp-image-1911 lazyload\" src=\"data:image\/svg+xml;base64,PHN2ZyB3aWR0aD0iMSIgaGVpZ2h0PSIxIiB4bWxucz0iaHR0cDovL3d3dy53My5vcmcvMjAwMC9zdmciPjwvc3ZnPg==\" style=\"--smush-placeholder-width: 800px; --smush-placeholder-aspect-ratio: 800\/616;\" \/><\/figure>\n\n\n\n<p>Sus\nbeneficios son m\u00faltiples:<\/p>\n\n\n\n<p class=\"has-text-color has-vivid-cyan-blue-color\">1-\nRegula el estr\u00e9s y la ansiedad. En momentos de susto o p\u00e1nico la respiraci\u00f3n se\nentrecorta y la inhalaci\u00f3n y exhalaci\u00f3n ya no fluyen en un ritmo coordinado. La\nrespiraci\u00f3n profunda y el restablecimiento de este ritmo natural regula el\nsistema nervioso parasimp\u00e1tico, bajando los niveles de cortisol y adrenalina y\nas\u00ed se relaja la circulaci\u00f3n y el coraz\u00f3n acelerado.<\/p>\n\n\n\n<p class=\"has-text-color has-pale-pink-color\">2- Se\neliminan toxinas. Tomamos a la respiraci\u00f3n como un acto involuntario, mec\u00e1nico\ne inconsciente. Si prest\u00e1ramos atenci\u00f3n verdaderamente entender\u00edamos que en\ncada exhalaci\u00f3n pueden expulsarse desechos innecesarios para los pulmones.\nBasta con realizar una respiraci\u00f3n consciente durante 10 unas unas 2 veces al\nd\u00eda y ya podr\u00e1n notar la diferencia.<\/p>\n\n\n\n<p class=\"has-text-color has-vivid-green-cyan-color\">3- Se\ndisminuye la sensaci\u00f3n de dolor. Tal como se hace involuntariamente cada vez\nque golpeamos accidentalmente los dedos del pie, prueba la t\u00e9cnica de retener\nla respiraci\u00f3n un poco m\u00e1s de lo habitual y lograr\u00e1s liberar endorfinas, que\nfuncionan como analg\u00e9sicos.<\/p>\n\n\n\n<p class=\"has-text-color has-luminous-vivid-orange-color\">4- Corrige\nla postura. La buena respiraci\u00f3n lleva a mejorar de manera involuntaria la\npostura para poder hacerlo como corresponde, especialmente mejora el eje de\nespalda-cuello.<\/p>\n\n\n\n<p class=\"has-text-color has-vivid-purple-color\">5-\nEstimula el sistema linf\u00e1tico. El ejercicio consciente de la respiraci\u00f3n obliga\na que el torrente sangu\u00edneo y los conductos trabajen y se \u201cejerciten\u201d de una\nforma diferente a la habitual. De una forma correcta y estimulante para poder\nllevar ox\u00edgeno m\u00e1s eficazmente.<\/p>\n\n\n\n<p class=\"has-text-color has-luminous-vivid-amber-color\">6-\nMejora la digesti\u00f3n. Al aportar a nuestro cuerpo m\u00e1s ox\u00edgeno y de manera m\u00e1s\nregular, se aumenta el flujo sangu\u00edneo y la acci\u00f3n intestinal. Con un sistema\nnervioso m\u00e1s controlado, la digesti\u00f3n logra hacerse de una forma m\u00e1s tranquila\ny, por lo tanto, m\u00e1s eficiente.<\/p>\n\n\n\n<figure class=\"wp-block-image size-large\"><img decoding=\"async\" data-src=\"https:\/\/yopiensoenpositivo.com\/online\/wp-content\/uploads\/2020\/04\/respirar2.jpg\" alt=\"\" class=\"wp-image-1912 lazyload\" src=\"data:image\/svg+xml;base64,PHN2ZyB3aWR0aD0iMSIgaGVpZ2h0PSIxIiB4bWxucz0iaHR0cDovL3d3dy53My5vcmcvMjAwMC9zdmciPjwvc3ZnPg==\" style=\"--smush-placeholder-width: 800px; --smush-placeholder-aspect-ratio: 800\/786;\" \/><\/figure>\n\n\n\n<p><strong>Ya conoces sus beneficios\u2026 Comienza a Respirar Profundamente <\/strong><\/p>\n\n\n\n<p>Namaste<\/p>\n","protected":false},"excerpt":{"rendered":"<p>La Respiraci\u00f3n Consciente es la forma de respirar de un modo que produce&nbsp;&nbsp; Paz y Energ\u00eda al mismo tiempo y hace que la vida sea saludable, pr\u00e1ctica y armoniosa aportando el poder y la belleza completa para enriquecer tu vida. Tanto el yoga como la pr\u00e1ctica de mindfulness trabajan sobre el arte de respirar bien. [&hellip;]<\/p>\n","protected":false},"author":4,"featured_media":39483,"comment_status":"open","ping_status":"open","sticky":false,"template":"","format":"standard","meta":{"footnotes":""},"categories":[99],"tags":[124,125,126,127,128,129,130,131,132],"class_list":["post-39482","post","type-post","status-publish","format-standard","has-post-thumbnail","hentry","category-mensajespositivos","tag-armonia","tag-consciencia","tag-control","tag-energia","tag-mindfulness","tag-paz","tag-poder","tag-respiracion","tag-terapia"],"yoast_head":"<!-- This site is optimized with the Yoast SEO plugin v27.5 - https:\/\/yoast.com\/product\/yoast-seo-wordpress\/ -->\n<title>El poder de la respiraci\u00f3n consciente - Pienso En Positivo<\/title>\n<meta name=\"description\" content=\"La Respiraci\u00f3n Consciente es la forma de respirar de un modo que produce Paz y Energ\u00eda al mismo tiempo y hace que la vida sea saludable, pr\u00e1ctica...\" \/>\n<meta name=\"robots\" content=\"index, follow, max-snippet:-1, max-image-preview:large, max-video-preview:-1\" \/>\n<link rel=\"canonical\" href=\"https:\/\/yopiensoenpositivo.com\/online\/el-poder-de-la-respiracion-consciente\/\" \/>\n<meta property=\"og:locale\" content=\"es_ES\" \/>\n<meta property=\"og:type\" content=\"article\" \/>\n<meta property=\"og:title\" content=\"El poder de la respiraci\u00f3n consciente - Pienso En Positivo\" \/>\n<meta property=\"og:description\" content=\"La Respiraci\u00f3n Consciente es la forma de respirar de un modo que produce Paz y Energ\u00eda al mismo tiempo y hace que la vida sea saludable, pr\u00e1ctica...\" \/>\n<meta property=\"og:url\" content=\"https:\/\/yopiensoenpositivo.com\/online\/el-poder-de-la-respiracion-consciente\/\" \/>\n<meta property=\"og:site_name\" content=\"Pienso En Positivo\" \/>\n<meta property=\"article:published_time\" content=\"2020-04-24T09:05:00+00:00\" \/>\n<meta property=\"article:modified_time\" content=\"2021-12-18T00:31:02+00:00\" \/>\n<meta property=\"og:image\" content=\"https:\/\/yopiensoenpositivo.com\/online\/wp-content\/uploads\/2020\/04\/respirar1.jpg\" \/>\n\t<meta property=\"og:image:width\" content=\"1200\" \/>\n\t<meta property=\"og:image:height\" content=\"600\" \/>\n\t<meta property=\"og:image:type\" content=\"image\/jpeg\" \/>\n<meta name=\"author\" content=\"Pienso en positivo\" \/>\n<meta name=\"twitter:card\" content=\"summary_large_image\" \/>\n<meta name=\"twitter:label1\" content=\"Escrito por\" \/>\n\t<meta name=\"twitter:data1\" content=\"Pienso en positivo\" \/>\n\t<meta name=\"twitter:label2\" content=\"Tiempo de lectura\" \/>\n\t<meta name=\"twitter:data2\" content=\"2 minutos\" \/>\n<script type=\"application\/ld+json\" class=\"yoast-schema-graph\">{\"@context\":\"https:\\\/\\\/schema.org\",\"@graph\":[{\"@type\":\"Article\",\"@id\":\"https:\\\/\\\/yopiensoenpositivo.com\\\/online\\\/el-poder-de-la-respiracion-consciente\\\/#article\",\"isPartOf\":{\"@id\":\"https:\\\/\\\/yopiensoenpositivo.com\\\/online\\\/el-poder-de-la-respiracion-consciente\\\/\"},\"author\":{\"name\":\"Pienso en positivo\",\"@id\":\"https:\\\/\\\/yopiensoenpositivo.com\\\/online\\\/#\\\/schema\\\/person\\\/5b0294f44521e63e12f78f8522f15fbf\"},\"headline\":\"El poder de la respiraci\u00f3n consciente\",\"datePublished\":\"2020-04-24T09:05:00+00:00\",\"dateModified\":\"2021-12-18T00:31:02+00:00\",\"mainEntityOfPage\":{\"@id\":\"https:\\\/\\\/yopiensoenpositivo.com\\\/online\\\/el-poder-de-la-respiracion-consciente\\\/\"},\"wordCount\":411,\"commentCount\":0,\"image\":{\"@id\":\"https:\\\/\\\/yopiensoenpositivo.com\\\/online\\\/el-poder-de-la-respiracion-consciente\\\/#primaryimage\"},\"thumbnailUrl\":\"https:\\\/\\\/yopiensoenpositivo.com\\\/online\\\/wp-content\\\/uploads\\\/2020\\\/04\\\/respirar1.jpg\",\"keywords\":[\"armonia\",\"consciencia\",\"control\",\"energia\",\"mindfulness\",\"paz\",\"poder\",\"Respiraci\u00f3n\",\"terapia\"],\"articleSection\":[\"Mensajes positivos\"],\"inLanguage\":\"es\",\"potentialAction\":[{\"@type\":\"CommentAction\",\"name\":\"Comment\",\"target\":[\"https:\\\/\\\/yopiensoenpositivo.com\\\/online\\\/el-poder-de-la-respiracion-consciente\\\/#respond\"]}]},{\"@type\":\"WebPage\",\"@id\":\"https:\\\/\\\/yopiensoenpositivo.com\\\/online\\\/el-poder-de-la-respiracion-consciente\\\/\",\"url\":\"https:\\\/\\\/yopiensoenpositivo.com\\\/online\\\/el-poder-de-la-respiracion-consciente\\\/\",\"name\":\"El poder de la respiraci\u00f3n consciente - Pienso En Positivo\",\"isPartOf\":{\"@id\":\"https:\\\/\\\/yopiensoenpositivo.com\\\/online\\\/#website\"},\"primaryImageOfPage\":{\"@id\":\"https:\\\/\\\/yopiensoenpositivo.com\\\/online\\\/el-poder-de-la-respiracion-consciente\\\/#primaryimage\"},\"image\":{\"@id\":\"https:\\\/\\\/yopiensoenpositivo.com\\\/online\\\/el-poder-de-la-respiracion-consciente\\\/#primaryimage\"},\"thumbnailUrl\":\"https:\\\/\\\/yopiensoenpositivo.com\\\/online\\\/wp-content\\\/uploads\\\/2020\\\/04\\\/respirar1.jpg\",\"datePublished\":\"2020-04-24T09:05:00+00:00\",\"dateModified\":\"2021-12-18T00:31:02+00:00\",\"author\":{\"@id\":\"https:\\\/\\\/yopiensoenpositivo.com\\\/online\\\/#\\\/schema\\\/person\\\/5b0294f44521e63e12f78f8522f15fbf\"},\"description\":\"La Respiraci\u00f3n Consciente es la forma de respirar de un modo que produce Paz y Energ\u00eda al mismo tiempo y hace que la vida sea saludable, pr\u00e1ctica...\",\"breadcrumb\":{\"@id\":\"https:\\\/\\\/yopiensoenpositivo.com\\\/online\\\/el-poder-de-la-respiracion-consciente\\\/#breadcrumb\"},\"inLanguage\":\"es\",\"potentialAction\":[{\"@type\":\"ReadAction\",\"target\":[\"https:\\\/\\\/yopiensoenpositivo.com\\\/online\\\/el-poder-de-la-respiracion-consciente\\\/\"]}]},{\"@type\":\"ImageObject\",\"inLanguage\":\"es\",\"@id\":\"https:\\\/\\\/yopiensoenpositivo.com\\\/online\\\/el-poder-de-la-respiracion-consciente\\\/#primaryimage\",\"url\":\"https:\\\/\\\/yopiensoenpositivo.com\\\/online\\\/wp-content\\\/uploads\\\/2020\\\/04\\\/respirar1.jpg\",\"contentUrl\":\"https:\\\/\\\/yopiensoenpositivo.com\\\/online\\\/wp-content\\\/uploads\\\/2020\\\/04\\\/respirar1.jpg\",\"width\":1200,\"height\":600},{\"@type\":\"BreadcrumbList\",\"@id\":\"https:\\\/\\\/yopiensoenpositivo.com\\\/online\\\/el-poder-de-la-respiracion-consciente\\\/#breadcrumb\",\"itemListElement\":[{\"@type\":\"ListItem\",\"position\":1,\"name\":\"Portada\",\"item\":\"https:\\\/\\\/yopiensoenpositivo.com\\\/online\\\/\"},{\"@type\":\"ListItem\",\"position\":2,\"name\":\"El poder de la respiraci\u00f3n consciente\"}]},{\"@type\":\"WebSite\",\"@id\":\"https:\\\/\\\/yopiensoenpositivo.com\\\/online\\\/#website\",\"url\":\"https:\\\/\\\/yopiensoenpositivo.com\\\/online\\\/\",\"name\":\"Pienso En Positivo\",\"description\":\"Te ayudamos a vivir y pensar en positivo\",\"potentialAction\":[{\"@type\":\"SearchAction\",\"target\":{\"@type\":\"EntryPoint\",\"urlTemplate\":\"https:\\\/\\\/yopiensoenpositivo.com\\\/online\\\/?s={search_term_string}\"},\"query-input\":{\"@type\":\"PropertyValueSpecification\",\"valueRequired\":true,\"valueName\":\"search_term_string\"}}],\"inLanguage\":\"es\"},{\"@type\":\"Person\",\"@id\":\"https:\\\/\\\/yopiensoenpositivo.com\\\/online\\\/#\\\/schema\\\/person\\\/5b0294f44521e63e12f78f8522f15fbf\",\"name\":\"Pienso en positivo\",\"image\":{\"@type\":\"ImageObject\",\"inLanguage\":\"es\",\"@id\":\"https:\\\/\\\/secure.gravatar.com\\\/avatar\\\/35fff5dad79ce1b037f152f27237cc592a95d286414e06ada68902451142a1f2?s=96&d=mm&r=g\",\"url\":\"https:\\\/\\\/secure.gravatar.com\\\/avatar\\\/35fff5dad79ce1b037f152f27237cc592a95d286414e06ada68902451142a1f2?s=96&d=mm&r=g\",\"contentUrl\":\"https:\\\/\\\/secure.gravatar.com\\\/avatar\\\/35fff5dad79ce1b037f152f27237cc592a95d286414e06ada68902451142a1f2?s=96&d=mm&r=g\",\"caption\":\"Pienso en positivo\"},\"url\":\"https:\\\/\\\/yopiensoenpositivo.com\\\/online\\\/author\\\/pienso-en-positivo\\\/\"}]}<\/script>\n<!-- \/ Yoast SEO plugin. -->","yoast_head_json":{"title":"El poder de la respiraci\u00f3n consciente - Pienso En Positivo","description":"La Respiraci\u00f3n Consciente es la forma de respirar de un modo que produce Paz y Energ\u00eda al mismo tiempo y hace que la vida sea saludable, pr\u00e1ctica...","robots":{"index":"index","follow":"follow","max-snippet":"max-snippet:-1","max-image-preview":"max-image-preview:large","max-video-preview":"max-video-preview:-1"},"canonical":"https:\/\/yopiensoenpositivo.com\/online\/el-poder-de-la-respiracion-consciente\/","og_locale":"es_ES","og_type":"article","og_title":"El poder de la respiraci\u00f3n consciente - Pienso En Positivo","og_description":"La Respiraci\u00f3n Consciente es la forma de respirar de un modo que produce Paz y Energ\u00eda al mismo tiempo y hace que la vida sea saludable, pr\u00e1ctica...","og_url":"https:\/\/yopiensoenpositivo.com\/online\/el-poder-de-la-respiracion-consciente\/","og_site_name":"Pienso En Positivo","article_published_time":"2020-04-24T09:05:00+00:00","article_modified_time":"2021-12-18T00:31:02+00:00","og_image":[{"width":1200,"height":600,"url":"https:\/\/yopiensoenpositivo.com\/online\/wp-content\/uploads\/2020\/04\/respirar1.jpg","type":"image\/jpeg"}],"author":"Pienso en positivo","twitter_card":"summary_large_image","twitter_misc":{"Escrito por":"Pienso en positivo","Tiempo de lectura":"2 minutos"},"schema":{"@context":"https:\/\/schema.org","@graph":[{"@type":"Article","@id":"https:\/\/yopiensoenpositivo.com\/online\/el-poder-de-la-respiracion-consciente\/#article","isPartOf":{"@id":"https:\/\/yopiensoenpositivo.com\/online\/el-poder-de-la-respiracion-consciente\/"},"author":{"name":"Pienso en positivo","@id":"https:\/\/yopiensoenpositivo.com\/online\/#\/schema\/person\/5b0294f44521e63e12f78f8522f15fbf"},"headline":"El poder de la respiraci\u00f3n consciente","datePublished":"2020-04-24T09:05:00+00:00","dateModified":"2021-12-18T00:31:02+00:00","mainEntityOfPage":{"@id":"https:\/\/yopiensoenpositivo.com\/online\/el-poder-de-la-respiracion-consciente\/"},"wordCount":411,"commentCount":0,"image":{"@id":"https:\/\/yopiensoenpositivo.com\/online\/el-poder-de-la-respiracion-consciente\/#primaryimage"},"thumbnailUrl":"https:\/\/yopiensoenpositivo.com\/online\/wp-content\/uploads\/2020\/04\/respirar1.jpg","keywords":["armonia","consciencia","control","energia","mindfulness","paz","poder","Respiraci\u00f3n","terapia"],"articleSection":["Mensajes positivos"],"inLanguage":"es","potentialAction":[{"@type":"CommentAction","name":"Comment","target":["https:\/\/yopiensoenpositivo.com\/online\/el-poder-de-la-respiracion-consciente\/#respond"]}]},{"@type":"WebPage","@id":"https:\/\/yopiensoenpositivo.com\/online\/el-poder-de-la-respiracion-consciente\/","url":"https:\/\/yopiensoenpositivo.com\/online\/el-poder-de-la-respiracion-consciente\/","name":"El poder de la respiraci\u00f3n consciente - Pienso En Positivo","isPartOf":{"@id":"https:\/\/yopiensoenpositivo.com\/online\/#website"},"primaryImageOfPage":{"@id":"https:\/\/yopiensoenpositivo.com\/online\/el-poder-de-la-respiracion-consciente\/#primaryimage"},"image":{"@id":"https:\/\/yopiensoenpositivo.com\/online\/el-poder-de-la-respiracion-consciente\/#primaryimage"},"thumbnailUrl":"https:\/\/yopiensoenpositivo.com\/online\/wp-content\/uploads\/2020\/04\/respirar1.jpg","datePublished":"2020-04-24T09:05:00+00:00","dateModified":"2021-12-18T00:31:02+00:00","author":{"@id":"https:\/\/yopiensoenpositivo.com\/online\/#\/schema\/person\/5b0294f44521e63e12f78f8522f15fbf"},"description":"La Respiraci\u00f3n Consciente es la forma de respirar de un modo que produce Paz y Energ\u00eda al mismo tiempo y hace que la vida sea saludable, pr\u00e1ctica...","breadcrumb":{"@id":"https:\/\/yopiensoenpositivo.com\/online\/el-poder-de-la-respiracion-consciente\/#breadcrumb"},"inLanguage":"es","potentialAction":[{"@type":"ReadAction","target":["https:\/\/yopiensoenpositivo.com\/online\/el-poder-de-la-respiracion-consciente\/"]}]},{"@type":"ImageObject","inLanguage":"es","@id":"https:\/\/yopiensoenpositivo.com\/online\/el-poder-de-la-respiracion-consciente\/#primaryimage","url":"https:\/\/yopiensoenpositivo.com\/online\/wp-content\/uploads\/2020\/04\/respirar1.jpg","contentUrl":"https:\/\/yopiensoenpositivo.com\/online\/wp-content\/uploads\/2020\/04\/respirar1.jpg","width":1200,"height":600},{"@type":"BreadcrumbList","@id":"https:\/\/yopiensoenpositivo.com\/online\/el-poder-de-la-respiracion-consciente\/#breadcrumb","itemListElement":[{"@type":"ListItem","position":1,"name":"Portada","item":"https:\/\/yopiensoenpositivo.com\/online\/"},{"@type":"ListItem","position":2,"name":"El poder de la respiraci\u00f3n consciente"}]},{"@type":"WebSite","@id":"https:\/\/yopiensoenpositivo.com\/online\/#website","url":"https:\/\/yopiensoenpositivo.com\/online\/","name":"Pienso En Positivo","description":"Te ayudamos a vivir y pensar en positivo","potentialAction":[{"@type":"SearchAction","target":{"@type":"EntryPoint","urlTemplate":"https:\/\/yopiensoenpositivo.com\/online\/?s={search_term_string}"},"query-input":{"@type":"PropertyValueSpecification","valueRequired":true,"valueName":"search_term_string"}}],"inLanguage":"es"},{"@type":"Person","@id":"https:\/\/yopiensoenpositivo.com\/online\/#\/schema\/person\/5b0294f44521e63e12f78f8522f15fbf","name":"Pienso en positivo","image":{"@type":"ImageObject","inLanguage":"es","@id":"https:\/\/secure.gravatar.com\/avatar\/35fff5dad79ce1b037f152f27237cc592a95d286414e06ada68902451142a1f2?s=96&d=mm&r=g","url":"https:\/\/secure.gravatar.com\/avatar\/35fff5dad79ce1b037f152f27237cc592a95d286414e06ada68902451142a1f2?s=96&d=mm&r=g","contentUrl":"https:\/\/secure.gravatar.com\/avatar\/35fff5dad79ce1b037f152f27237cc592a95d286414e06ada68902451142a1f2?s=96&d=mm&r=g","caption":"Pienso en positivo"},"url":"https:\/\/yopiensoenpositivo.com\/online\/author\/pienso-en-positivo\/"}]}},"post_mailing_queue_ids":[],"_links":{"self":[{"href":"https:\/\/yopiensoenpositivo.com\/online\/wp-json\/wp\/v2\/posts\/39482","targetHints":{"allow":["GET"]}}],"collection":[{"href":"https:\/\/yopiensoenpositivo.com\/online\/wp-json\/wp\/v2\/posts"}],"about":[{"href":"https:\/\/yopiensoenpositivo.com\/online\/wp-json\/wp\/v2\/types\/post"}],"author":[{"embeddable":true,"href":"https:\/\/yopiensoenpositivo.com\/online\/wp-json\/wp\/v2\/users\/4"}],"replies":[{"embeddable":true,"href":"https:\/\/yopiensoenpositivo.com\/online\/wp-json\/wp\/v2\/comments?post=39482"}],"version-history":[{"count":1,"href":"https:\/\/yopiensoenpositivo.com\/online\/wp-json\/wp\/v2\/posts\/39482\/revisions"}],"predecessor-version":[{"id":39674,"href":"https:\/\/yopiensoenpositivo.com\/online\/wp-json\/wp\/v2\/posts\/39482\/revisions\/39674"}],"wp:featuredmedia":[{"embeddable":true,"href":"https:\/\/yopiensoenpositivo.com\/online\/wp-json\/wp\/v2\/media\/39483"}],"wp:attachment":[{"href":"https:\/\/yopiensoenpositivo.com\/online\/wp-json\/wp\/v2\/media?parent=39482"}],"wp:term":[{"taxonomy":"category","embeddable":true,"href":"https:\/\/yopiensoenpositivo.com\/online\/wp-json\/wp\/v2\/categories?post=39482"},{"taxonomy":"post_tag","embeddable":true,"href":"https:\/\/yopiensoenpositivo.com\/online\/wp-json\/wp\/v2\/tags?post=39482"}],"curies":[{"name":"wp","href":"https:\/\/api.w.org\/{rel}","templated":true}]}}