{"id":39466,"date":"2020-08-15T12:26:18","date_gmt":"2020-08-15T12:26:18","guid":{"rendered":"https:\/\/yopiensoenpositivo.com\/online\/?p=1982"},"modified":"2021-12-18T00:30:35","modified_gmt":"2021-12-18T00:30:35","slug":"supera-la-crisis-de-los-40","status":"publish","type":"post","link":"https:\/\/yopiensoenpositivo.com\/online\/supera-la-crisis-de-los-40\/","title":{"rendered":"Supera la crisis de los 40"},"content":{"rendered":"\n<h3 class=\"wp-block-heading\">Se habla mucho de la crisis de los 40, \u00bfpero\nrealmente existe? \u00bfEn qu\u00e9 consiste esa especie de revoluci\u00f3n interior que se\nproduce al cumplir 40 a\u00f1os?<\/h3>\n\n\n\n<p>\u201cExisten las que llamamos crisis vitales que,\nen muchos casos, coinciden con cambios de d\u00e9cada y situaciones que invitan a la\nreflexi\u00f3n del que las sufre: estilo de vida, separaci\u00f3n, cambio de residencia,\ntener o no tener hijos, adquirir compromisos\u2026 Los 40 son un punto de inflexi\u00f3n\nen el mundo occidental, puesto que&nbsp;<strong>es el momento en el que entendemos\nque ha pasado&nbsp;<em>la mitad de nuestra vida<\/em><\/strong>&nbsp;y no es\nextra\u00f1o&nbsp;<strong>entrar a valorar si la vida que tenemos es la que queremos<\/strong>,\nsi hemos cumplido nuestras expectativas o si es la que imagin\u00e1bamos para nosotros\u201d,\nexplica Judit Izquierdo, CEO de portal de Psicolog\u00eda&nbsp;<em>on line<\/em>&nbsp;<strong>Siquia<\/strong>.<\/p>\n\n\n\n<p>Ir cumpliendo a\u00f1os suele ser vivido de forma\ndiferente por los hombres y mujeres, cuentan las expertas. Ambos pueden llegar\na conectar con el malestar, pero, en la gran mayor\u00eda de las ocasiones, por\nrazones diferentes.<\/p>\n\n\n\n<p>\u201cNo olvidemos que&nbsp;<strong>para muchas mujeres\nque se hayan planteado el deseo de ser madres, no haberlo conseguido<\/strong>&nbsp;antes\nde los 40 a\u00f1os -cuando las posibilidades se reducen por cuestiones de\nfertilidad-&nbsp;<strong>puede conectarlas con emociones negativas<\/strong>, algo que no\nocurre con los hombres, ya que su vida f\u00e9rtil suele ser m\u00e1s prolongada\u201d, indica\nLozano. \u201cCon ese inicio del fin del ciclo reproductivo si no se tiene pareja o\nno est\u00e1 tomada la decisi\u00f3n de ser madre o no serlo, la presi\u00f3n se dispara.\nLlegan las dudas, el estr\u00e9s y el miedo a equivocarse\u201d, a\u00f1ade Izquierdo.<\/p>\n\n\n\n<p>Sin embargo, \u201cen muchos casos,&nbsp;<strong>la\npresi\u00f3n por haber alcanzado el \u00e9xito profesional<\/strong>, por haber destacado en la\ncarrera elegida, por haber avanzado a nivel de estatus,&nbsp;<strong>suele ser mayor\npara los hombres<\/strong>\u201d.<\/p>\n\n\n\n<h2 class=\"wp-block-heading\"><strong>Consejos para\nafrontar la crisis de los 40<\/strong><\/h2>\n\n\n\n<p>Las psic\u00f3logas consultadas aportan las\nsiguientes recomendaciones para afrontar la crisis de los 40:<\/p>\n\n\n\n<ol class=\"wp-block-list\"><li>Hay que recordar que&nbsp;<strong>la edad es solo\nun n\u00famero<\/strong>&nbsp;y que independientemente de cu\u00e1ntos a\u00f1os tengamos,\ncualidades como la vitalidad, la energ\u00eda o la inquietud no desaparecen. Probar\nnuevas cosas sin entrar a valorar si somos mayores ya para ciertas cosas.<br>\n&nbsp;<\/li><li>Pararnos a pensar, independientemente de la\nedad que tengamos, sobre&nbsp;<strong>si nuestras decisiones nos acercan vitalmente\na lo que es importante para nosotros<\/strong>. Para que no&nbsp;<em>nos pille el toro<\/em>&nbsp;a\nlos 40 ante ese an\u00e1lisis.<br>\n&nbsp;<\/li><li><strong>Aceptar el paso del tiempo<\/strong>&nbsp;como\nalgo inevitable, pero que es capaz de proporcionarnos cosas positivas\ncomo&nbsp;<strong>recorrido, aprendizajes, sabidur\u00eda o perspectiva<\/strong>.<br>\n&nbsp;<\/li><li>Entender que&nbsp;<strong>la belleza tiene muchas\nformas<\/strong>&nbsp;y que en cada edad y cada d\u00e9cada va tomando aspectos\ndiferentes, pero igualmente valiosos.<br>\n&nbsp;<\/li><li><strong>Posicionarnos con tranquilidad en las\ndecisiones vitales que hemos tomado<\/strong>&nbsp;y el camino que hemos elegido, porque\nen su momento fue lo que consideramos mejor y m\u00e1s adaptativo.<br>\n&nbsp;<\/li><li>No olvidar que tomamos decisiones todos los\nd\u00edas que hacen que nuestra vida evolucione y, por lo tanto, si no estamos\nsatisfechos con lo que dejamos atr\u00e1s&nbsp;<strong>somos un agente activo de crear\ncosas diferentes en lo que viene por delante<\/strong>.<br>\n&nbsp;<\/li><li><strong>Evitar aportar un toque nost\u00e1lgico<\/strong>&nbsp;a\ntodo lo que vivimos, puesto que hay muchas emociones que nos quedan a\u00fan por\nexperimentar.<br>\n&nbsp;<\/li><li><strong>Arrancar proyectos que quedaron parados<\/strong>;\nmenos palabrer\u00edas y m\u00e1s actos.<br>\n&nbsp;<\/li><li><strong>Escribir&nbsp;<\/strong>es\nuna forma terap\u00e9utica de valorar todo lo bueno, y no tan bueno, que nos ha\nocurrido.<br>\n&nbsp;<\/li><li>Si\nla situaci\u00f3n nos sobrepasa,&nbsp;<strong>dejarse asesorar&nbsp;<\/strong>por un psic\u00f3logo\ncl\u00ednico que nos ayude a retomar el rumbo de nuestra vida.<\/li><\/ol>\n\n\n\n<p><em>Fuente:\nAna Callejo Mora<\/em><\/p>\n\n\n\n<p>Namaste\n<\/p>\n","protected":false},"excerpt":{"rendered":"<p>Se habla mucho de la crisis de los 40, \u00bfpero realmente existe? \u00bfEn qu\u00e9 consiste esa especie de revoluci\u00f3n interior que se produce al cumplir 40 a\u00f1os? \u201cExisten las que llamamos crisis vitales que, en muchos casos, coinciden con cambios de d\u00e9cada y situaciones que invitan a la reflexi\u00f3n del que las sufre: estilo de [&hellip;]<\/p>\n","protected":false},"author":4,"featured_media":39467,"comment_status":"open","ping_status":"open","sticky":false,"template":"","format":"standard","meta":{"footnotes":""},"categories":[99],"tags":[138,139,140,141,142,143,144],"class_list":["post-39466","post","type-post","status-publish","format-standard","has-post-thumbnail","hentry","category-mensajespositivos","tag-couple","tag-crisis-de-los-40","tag-cuarenta","tag-hombre","tag-middle-age-crisis","tag-mujer","tag-pareja"],"yoast_head":"<!-- This site is optimized with the Yoast SEO plugin v27.4 - https:\/\/yoast.com\/product\/yoast-seo-wordpress\/ -->\n<title>Supera la crisis de los 40 - Pienso En Positivo<\/title>\n<meta name=\"description\" content=\"Se habla mucho de la crisis de los 40, \u00bfpero realmente existe? \u00bfEn qu\u00e9 consiste esa especie de revoluci\u00f3n interior que se produce al cumplir 40 a\u00f1os?...\" \/>\n<meta name=\"robots\" content=\"index, follow, max-snippet:-1, max-image-preview:large, max-video-preview:-1\" \/>\n<link rel=\"canonical\" href=\"https:\/\/yopiensoenpositivo.com\/online\/supera-la-crisis-de-los-40\/\" \/>\n<meta property=\"og:locale\" content=\"es_ES\" \/>\n<meta property=\"og:type\" content=\"article\" \/>\n<meta property=\"og:title\" content=\"Supera la crisis de los 40 - Pienso En Positivo\" \/>\n<meta property=\"og:description\" content=\"Se habla mucho de la crisis de los 40, \u00bfpero realmente existe? \u00bfEn qu\u00e9 consiste esa especie de revoluci\u00f3n interior que se produce al cumplir 40 a\u00f1os?...\" \/>\n<meta property=\"og:url\" content=\"https:\/\/yopiensoenpositivo.com\/online\/supera-la-crisis-de-los-40\/\" \/>\n<meta property=\"og:site_name\" content=\"Pienso En Positivo\" \/>\n<meta property=\"article:published_time\" content=\"2020-08-15T12:26:18+00:00\" \/>\n<meta property=\"article:modified_time\" content=\"2021-12-18T00:30:35+00:00\" \/>\n<meta property=\"og:image\" content=\"https:\/\/yopiensoenpositivo.com\/online\/wp-content\/uploads\/2020\/08\/crisis40.jpg\" \/>\n\t<meta property=\"og:image:width\" content=\"1600\" \/>\n\t<meta property=\"og:image:height\" content=\"800\" \/>\n\t<meta property=\"og:image:type\" content=\"image\/jpeg\" \/>\n<meta name=\"author\" content=\"Pienso en positivo\" \/>\n<meta name=\"twitter:card\" content=\"summary_large_image\" \/>\n<meta name=\"twitter:label1\" content=\"Escrito por\" \/>\n\t<meta name=\"twitter:data1\" content=\"Pienso en positivo\" \/>\n\t<meta name=\"twitter:label2\" content=\"Tiempo de lectura\" \/>\n\t<meta name=\"twitter:data2\" content=\"3 minutos\" \/>\n<script type=\"application\/ld+json\" class=\"yoast-schema-graph\">{\"@context\":\"https:\\\/\\\/schema.org\",\"@graph\":[{\"@type\":\"Article\",\"@id\":\"https:\\\/\\\/yopiensoenpositivo.com\\\/online\\\/supera-la-crisis-de-los-40\\\/#article\",\"isPartOf\":{\"@id\":\"https:\\\/\\\/yopiensoenpositivo.com\\\/online\\\/supera-la-crisis-de-los-40\\\/\"},\"author\":{\"name\":\"Pienso en positivo\",\"@id\":\"https:\\\/\\\/yopiensoenpositivo.com\\\/online\\\/#\\\/schema\\\/person\\\/5b0294f44521e63e12f78f8522f15fbf\"},\"headline\":\"Supera la crisis de los 40\",\"datePublished\":\"2020-08-15T12:26:18+00:00\",\"dateModified\":\"2021-12-18T00:30:35+00:00\",\"mainEntityOfPage\":{\"@id\":\"https:\\\/\\\/yopiensoenpositivo.com\\\/online\\\/supera-la-crisis-de-los-40\\\/\"},\"wordCount\":659,\"commentCount\":0,\"image\":{\"@id\":\"https:\\\/\\\/yopiensoenpositivo.com\\\/online\\\/supera-la-crisis-de-los-40\\\/#primaryimage\"},\"thumbnailUrl\":\"https:\\\/\\\/yopiensoenpositivo.com\\\/online\\\/wp-content\\\/uploads\\\/2020\\\/08\\\/crisis40.jpg\",\"keywords\":[\"couple\",\"crisis de los 40\",\"cuarenta\",\"hombre\",\"middle age crisis\",\"mujer\",\"pareja\"],\"articleSection\":[\"Mensajes positivos\"],\"inLanguage\":\"es\",\"potentialAction\":[{\"@type\":\"CommentAction\",\"name\":\"Comment\",\"target\":[\"https:\\\/\\\/yopiensoenpositivo.com\\\/online\\\/supera-la-crisis-de-los-40\\\/#respond\"]}]},{\"@type\":\"WebPage\",\"@id\":\"https:\\\/\\\/yopiensoenpositivo.com\\\/online\\\/supera-la-crisis-de-los-40\\\/\",\"url\":\"https:\\\/\\\/yopiensoenpositivo.com\\\/online\\\/supera-la-crisis-de-los-40\\\/\",\"name\":\"Supera la crisis de los 40 - Pienso En Positivo\",\"isPartOf\":{\"@id\":\"https:\\\/\\\/yopiensoenpositivo.com\\\/online\\\/#website\"},\"primaryImageOfPage\":{\"@id\":\"https:\\\/\\\/yopiensoenpositivo.com\\\/online\\\/supera-la-crisis-de-los-40\\\/#primaryimage\"},\"image\":{\"@id\":\"https:\\\/\\\/yopiensoenpositivo.com\\\/online\\\/supera-la-crisis-de-los-40\\\/#primaryimage\"},\"thumbnailUrl\":\"https:\\\/\\\/yopiensoenpositivo.com\\\/online\\\/wp-content\\\/uploads\\\/2020\\\/08\\\/crisis40.jpg\",\"datePublished\":\"2020-08-15T12:26:18+00:00\",\"dateModified\":\"2021-12-18T00:30:35+00:00\",\"author\":{\"@id\":\"https:\\\/\\\/yopiensoenpositivo.com\\\/online\\\/#\\\/schema\\\/person\\\/5b0294f44521e63e12f78f8522f15fbf\"},\"description\":\"Se habla mucho de la crisis de los 40, \u00bfpero realmente existe? \u00bfEn qu\u00e9 consiste esa especie de revoluci\u00f3n interior que se produce al cumplir 40 a\u00f1os?...\",\"breadcrumb\":{\"@id\":\"https:\\\/\\\/yopiensoenpositivo.com\\\/online\\\/supera-la-crisis-de-los-40\\\/#breadcrumb\"},\"inLanguage\":\"es\",\"potentialAction\":[{\"@type\":\"ReadAction\",\"target\":[\"https:\\\/\\\/yopiensoenpositivo.com\\\/online\\\/supera-la-crisis-de-los-40\\\/\"]}]},{\"@type\":\"ImageObject\",\"inLanguage\":\"es\",\"@id\":\"https:\\\/\\\/yopiensoenpositivo.com\\\/online\\\/supera-la-crisis-de-los-40\\\/#primaryimage\",\"url\":\"https:\\\/\\\/yopiensoenpositivo.com\\\/online\\\/wp-content\\\/uploads\\\/2020\\\/08\\\/crisis40.jpg\",\"contentUrl\":\"https:\\\/\\\/yopiensoenpositivo.com\\\/online\\\/wp-content\\\/uploads\\\/2020\\\/08\\\/crisis40.jpg\",\"width\":1600,\"height\":800},{\"@type\":\"BreadcrumbList\",\"@id\":\"https:\\\/\\\/yopiensoenpositivo.com\\\/online\\\/supera-la-crisis-de-los-40\\\/#breadcrumb\",\"itemListElement\":[{\"@type\":\"ListItem\",\"position\":1,\"name\":\"Portada\",\"item\":\"https:\\\/\\\/yopiensoenpositivo.com\\\/online\\\/\"},{\"@type\":\"ListItem\",\"position\":2,\"name\":\"Supera la crisis de los 40\"}]},{\"@type\":\"WebSite\",\"@id\":\"https:\\\/\\\/yopiensoenpositivo.com\\\/online\\\/#website\",\"url\":\"https:\\\/\\\/yopiensoenpositivo.com\\\/online\\\/\",\"name\":\"Pienso En Positivo\",\"description\":\"Te ayudamos a vivir y pensar en positivo\",\"potentialAction\":[{\"@type\":\"SearchAction\",\"target\":{\"@type\":\"EntryPoint\",\"urlTemplate\":\"https:\\\/\\\/yopiensoenpositivo.com\\\/online\\\/?s={search_term_string}\"},\"query-input\":{\"@type\":\"PropertyValueSpecification\",\"valueRequired\":true,\"valueName\":\"search_term_string\"}}],\"inLanguage\":\"es\"},{\"@type\":\"Person\",\"@id\":\"https:\\\/\\\/yopiensoenpositivo.com\\\/online\\\/#\\\/schema\\\/person\\\/5b0294f44521e63e12f78f8522f15fbf\",\"name\":\"Pienso en positivo\",\"image\":{\"@type\":\"ImageObject\",\"inLanguage\":\"es\",\"@id\":\"https:\\\/\\\/secure.gravatar.com\\\/avatar\\\/35fff5dad79ce1b037f152f27237cc592a95d286414e06ada68902451142a1f2?s=96&d=mm&r=g\",\"url\":\"https:\\\/\\\/secure.gravatar.com\\\/avatar\\\/35fff5dad79ce1b037f152f27237cc592a95d286414e06ada68902451142a1f2?s=96&d=mm&r=g\",\"contentUrl\":\"https:\\\/\\\/secure.gravatar.com\\\/avatar\\\/35fff5dad79ce1b037f152f27237cc592a95d286414e06ada68902451142a1f2?s=96&d=mm&r=g\",\"caption\":\"Pienso en positivo\"},\"url\":\"https:\\\/\\\/yopiensoenpositivo.com\\\/online\\\/author\\\/pienso-en-positivo\\\/\"}]}<\/script>\n<!-- \/ Yoast SEO plugin. -->","yoast_head_json":{"title":"Supera la crisis de los 40 - Pienso En Positivo","description":"Se habla mucho de la crisis de los 40, \u00bfpero realmente existe? \u00bfEn qu\u00e9 consiste esa especie de revoluci\u00f3n interior que se produce al cumplir 40 a\u00f1os?...","robots":{"index":"index","follow":"follow","max-snippet":"max-snippet:-1","max-image-preview":"max-image-preview:large","max-video-preview":"max-video-preview:-1"},"canonical":"https:\/\/yopiensoenpositivo.com\/online\/supera-la-crisis-de-los-40\/","og_locale":"es_ES","og_type":"article","og_title":"Supera la crisis de los 40 - Pienso En Positivo","og_description":"Se habla mucho de la crisis de los 40, \u00bfpero realmente existe? \u00bfEn qu\u00e9 consiste esa especie de revoluci\u00f3n interior que se produce al cumplir 40 a\u00f1os?...","og_url":"https:\/\/yopiensoenpositivo.com\/online\/supera-la-crisis-de-los-40\/","og_site_name":"Pienso En Positivo","article_published_time":"2020-08-15T12:26:18+00:00","article_modified_time":"2021-12-18T00:30:35+00:00","og_image":[{"width":1600,"height":800,"url":"https:\/\/yopiensoenpositivo.com\/online\/wp-content\/uploads\/2020\/08\/crisis40.jpg","type":"image\/jpeg"}],"author":"Pienso en positivo","twitter_card":"summary_large_image","twitter_misc":{"Escrito por":"Pienso en positivo","Tiempo de lectura":"3 minutos"},"schema":{"@context":"https:\/\/schema.org","@graph":[{"@type":"Article","@id":"https:\/\/yopiensoenpositivo.com\/online\/supera-la-crisis-de-los-40\/#article","isPartOf":{"@id":"https:\/\/yopiensoenpositivo.com\/online\/supera-la-crisis-de-los-40\/"},"author":{"name":"Pienso en positivo","@id":"https:\/\/yopiensoenpositivo.com\/online\/#\/schema\/person\/5b0294f44521e63e12f78f8522f15fbf"},"headline":"Supera la crisis de los 40","datePublished":"2020-08-15T12:26:18+00:00","dateModified":"2021-12-18T00:30:35+00:00","mainEntityOfPage":{"@id":"https:\/\/yopiensoenpositivo.com\/online\/supera-la-crisis-de-los-40\/"},"wordCount":659,"commentCount":0,"image":{"@id":"https:\/\/yopiensoenpositivo.com\/online\/supera-la-crisis-de-los-40\/#primaryimage"},"thumbnailUrl":"https:\/\/yopiensoenpositivo.com\/online\/wp-content\/uploads\/2020\/08\/crisis40.jpg","keywords":["couple","crisis de los 40","cuarenta","hombre","middle age crisis","mujer","pareja"],"articleSection":["Mensajes positivos"],"inLanguage":"es","potentialAction":[{"@type":"CommentAction","name":"Comment","target":["https:\/\/yopiensoenpositivo.com\/online\/supera-la-crisis-de-los-40\/#respond"]}]},{"@type":"WebPage","@id":"https:\/\/yopiensoenpositivo.com\/online\/supera-la-crisis-de-los-40\/","url":"https:\/\/yopiensoenpositivo.com\/online\/supera-la-crisis-de-los-40\/","name":"Supera la crisis de los 40 - Pienso En Positivo","isPartOf":{"@id":"https:\/\/yopiensoenpositivo.com\/online\/#website"},"primaryImageOfPage":{"@id":"https:\/\/yopiensoenpositivo.com\/online\/supera-la-crisis-de-los-40\/#primaryimage"},"image":{"@id":"https:\/\/yopiensoenpositivo.com\/online\/supera-la-crisis-de-los-40\/#primaryimage"},"thumbnailUrl":"https:\/\/yopiensoenpositivo.com\/online\/wp-content\/uploads\/2020\/08\/crisis40.jpg","datePublished":"2020-08-15T12:26:18+00:00","dateModified":"2021-12-18T00:30:35+00:00","author":{"@id":"https:\/\/yopiensoenpositivo.com\/online\/#\/schema\/person\/5b0294f44521e63e12f78f8522f15fbf"},"description":"Se habla mucho de la crisis de los 40, \u00bfpero realmente existe? \u00bfEn qu\u00e9 consiste esa especie de revoluci\u00f3n interior que se produce al cumplir 40 a\u00f1os?...","breadcrumb":{"@id":"https:\/\/yopiensoenpositivo.com\/online\/supera-la-crisis-de-los-40\/#breadcrumb"},"inLanguage":"es","potentialAction":[{"@type":"ReadAction","target":["https:\/\/yopiensoenpositivo.com\/online\/supera-la-crisis-de-los-40\/"]}]},{"@type":"ImageObject","inLanguage":"es","@id":"https:\/\/yopiensoenpositivo.com\/online\/supera-la-crisis-de-los-40\/#primaryimage","url":"https:\/\/yopiensoenpositivo.com\/online\/wp-content\/uploads\/2020\/08\/crisis40.jpg","contentUrl":"https:\/\/yopiensoenpositivo.com\/online\/wp-content\/uploads\/2020\/08\/crisis40.jpg","width":1600,"height":800},{"@type":"BreadcrumbList","@id":"https:\/\/yopiensoenpositivo.com\/online\/supera-la-crisis-de-los-40\/#breadcrumb","itemListElement":[{"@type":"ListItem","position":1,"name":"Portada","item":"https:\/\/yopiensoenpositivo.com\/online\/"},{"@type":"ListItem","position":2,"name":"Supera la crisis de los 40"}]},{"@type":"WebSite","@id":"https:\/\/yopiensoenpositivo.com\/online\/#website","url":"https:\/\/yopiensoenpositivo.com\/online\/","name":"Pienso En Positivo","description":"Te ayudamos a vivir y pensar en positivo","potentialAction":[{"@type":"SearchAction","target":{"@type":"EntryPoint","urlTemplate":"https:\/\/yopiensoenpositivo.com\/online\/?s={search_term_string}"},"query-input":{"@type":"PropertyValueSpecification","valueRequired":true,"valueName":"search_term_string"}}],"inLanguage":"es"},{"@type":"Person","@id":"https:\/\/yopiensoenpositivo.com\/online\/#\/schema\/person\/5b0294f44521e63e12f78f8522f15fbf","name":"Pienso en positivo","image":{"@type":"ImageObject","inLanguage":"es","@id":"https:\/\/secure.gravatar.com\/avatar\/35fff5dad79ce1b037f152f27237cc592a95d286414e06ada68902451142a1f2?s=96&d=mm&r=g","url":"https:\/\/secure.gravatar.com\/avatar\/35fff5dad79ce1b037f152f27237cc592a95d286414e06ada68902451142a1f2?s=96&d=mm&r=g","contentUrl":"https:\/\/secure.gravatar.com\/avatar\/35fff5dad79ce1b037f152f27237cc592a95d286414e06ada68902451142a1f2?s=96&d=mm&r=g","caption":"Pienso en positivo"},"url":"https:\/\/yopiensoenpositivo.com\/online\/author\/pienso-en-positivo\/"}]}},"post_mailing_queue_ids":[],"_links":{"self":[{"href":"https:\/\/yopiensoenpositivo.com\/online\/wp-json\/wp\/v2\/posts\/39466","targetHints":{"allow":["GET"]}}],"collection":[{"href":"https:\/\/yopiensoenpositivo.com\/online\/wp-json\/wp\/v2\/posts"}],"about":[{"href":"https:\/\/yopiensoenpositivo.com\/online\/wp-json\/wp\/v2\/types\/post"}],"author":[{"embeddable":true,"href":"https:\/\/yopiensoenpositivo.com\/online\/wp-json\/wp\/v2\/users\/4"}],"replies":[{"embeddable":true,"href":"https:\/\/yopiensoenpositivo.com\/online\/wp-json\/wp\/v2\/comments?post=39466"}],"version-history":[{"count":1,"href":"https:\/\/yopiensoenpositivo.com\/online\/wp-json\/wp\/v2\/posts\/39466\/revisions"}],"predecessor-version":[{"id":39667,"href":"https:\/\/yopiensoenpositivo.com\/online\/wp-json\/wp\/v2\/posts\/39466\/revisions\/39667"}],"wp:featuredmedia":[{"embeddable":true,"href":"https:\/\/yopiensoenpositivo.com\/online\/wp-json\/wp\/v2\/media\/39467"}],"wp:attachment":[{"href":"https:\/\/yopiensoenpositivo.com\/online\/wp-json\/wp\/v2\/media?parent=39466"}],"wp:term":[{"taxonomy":"category","embeddable":true,"href":"https:\/\/yopiensoenpositivo.com\/online\/wp-json\/wp\/v2\/categories?post=39466"},{"taxonomy":"post_tag","embeddable":true,"href":"https:\/\/yopiensoenpositivo.com\/online\/wp-json\/wp\/v2\/tags?post=39466"}],"curies":[{"name":"wp","href":"https:\/\/api.w.org\/{rel}","templated":true}]}}